{"id":16163,"date":"2025-06-04T12:30:55","date_gmt":"2025-06-04T12:30:55","guid":{"rendered":"https:\/\/ladepeche.mr\/?p=16163"},"modified":"2025-06-04T11:41:49","modified_gmt":"2025-06-04T11:41:49","slug":"senegal-mauritanie-un-accord-migratoire-pour-harmoniser-les-flux-de-populations-entre-les-deux-pays","status":"publish","type":"post","link":"https:\/\/ladepeche.mr\/?p=16163","title":{"rendered":"S\u00e9n\u00e9gal-Mauritanie: un accord migratoire pour harmoniser les flux de populations entre les deux pays"},"content":{"rendered":"<p class=\"t-content__chapo\">Les ministres s\u00e9n\u00e9galais et mauritanien des Affaires \u00e9trang\u00e8res ont sign\u00e9 lundi 2 juin deux accords migratoires, l\u2019un sur la lutte contre l\u2019immigration clandestine, l\u2019autre sur les conditions de s\u00e9jours. Parmi les points tr\u00e8s attendus : des mesures pour faciliter l\u2019installation des S\u00e9n\u00e9galais en Mauritanie.<\/p>\n<div class=\"t-content__dates t-content__dates--reading-time\">\n<p>Le\u00a0<a href=\"https:\/\/www.rfi.fr\/fr\/tag\/s%C3%A9n%C3%A9gal\/\" target=\"_self\"><strong>S\u00e9n\u00e9gal<\/strong><\/a>\u00a0et la\u00a0<a href=\"https:\/\/www.rfi.fr\/fr\/tag\/mauritanie\/\" target=\"_self\"><strong>Mauritanie<\/strong><\/a>\u00a0se sont donc entendues pour permettre des flux de population plus harmonieux entre les deux pays. Pour tout s\u00e9jour au-del\u00e0 de trois mois, les S\u00e9n\u00e9galais comme les Mauritaniens ont d\u00e9sormais l\u2019obligation de demander une carte de s\u00e9jour. Mais cette carte pourra \u00eatre accord\u00e9e m\u00eame en l\u2019absence de contrat de travail ou de justificatif de revenu pour une dur\u00e9e d\u2019un an. Ensuite, seulement, il faudra justifier de revenus pour la renouveler.<\/p>\n<p>Cet accord, qui remplace celui qui datait de 1972, \u00e9tait tr\u00e8s attendu, notamment apr\u00e8s la vague d\u2019<a href=\"https:\/\/www.rfi.fr\/fr\/podcasts\/le-grand-invit%C3%A9-afrique\/20250312-mauritanie-notre-politique-vis-%C3%A0-vis-de-la-migration-irr%C3%A9guli%C3%A8re-est-rest%C3%A9e-la-m%C3%AAme\" target=\"_self\"><strong>expulsions<\/strong><\/a>\u00a0qualifi\u00e9e d\u2019\u00ab\u00a0<em>indign<\/em>e \u00bb par la ministre s\u00e9n\u00e9galaise des Affaires \u00e9trang\u00e8res, Yassine Fall, en f\u00e9vrier dernier. Elle avait parl\u00e9 de \u00ab\u00a0<em>traitements inhumains<\/em>\u00a0\u00bb subies par les personnes expuls\u00e9es.<\/p>\n<h2>\u00ab\u00a0<em>Lever les obstacles \u00e0 la libre circulation<\/em>\u00a0\u00bb<\/h2>\n<p>Dans le texte sign\u00e9 ce lundi 2 juin, le S\u00e9n\u00e9gal et la Mauritanie s\u2019engagent \u00ab\u00a0<em>\u00e0 lever tout obstacle \u00e0 la libre circulation des ressortissants<\/em>\u00a0\u00bb de chacun des deux pays. Pour les milliers de p\u00eacheurs s\u00e9n\u00e9galais qui travaillent en Mauritanie, c&#8217;est une bonne nouvelle.<\/p>\n<p>La ministre des Affaires \u00e9trang\u00e8res s\u00e9n\u00e9galaise, Yassine Fall, s\u2019est r\u00e9jouie de cet accord. \u00ab<em>\u00a0C&#8217;est un pas tr\u00e8s important parce que \u00e7a refl\u00e8te d&#8217;abord l&#8217;engagement de nos chefs d&#8217;\u00c9tat. Ces deux accords nous permettent de faire en sorte que les populations soient en mesure de se d\u00e9placer et de contribuer au d\u00e9veloppemen<\/em>t \u00bb.<\/p>\n<p>Enfin, un deuxi\u00e8me accord sur la lutte contre la migration clandestine doit permettre de mieux coordonner les efforts de la Mauritanie et du S\u00e9n\u00e9gal, pour \u00e9viter les d\u00e9parts clandestins.<\/p>\n<p>Rfi<\/p>\n<\/div>\n","protected":false},"excerpt":{"rendered":"<p>Les ministres s\u00e9n\u00e9galais et mauritanien des Affaires \u00e9trang\u00e8res ont sign\u00e9 lundi 2 juin deux accords migratoires, l\u2019un sur la lutte contre l\u2019immigration clandestine, l\u2019autre sur les conditions de s\u00e9jours. Parmi les points tr\u00e8s attendus : des mesures pour faciliter l\u2019installation des S\u00e9n\u00e9galais en Mauritanie. Le\u00a0S\u00e9n\u00e9gal\u00a0et la\u00a0Mauritanie\u00a0se sont donc entendues pour permettre des flux de population &hellip;<\/p>\n","protected":false},"author":2,"featured_media":14546,"comment_status":"open","ping_status":"open","sticky":false,"template":"","format":"standard","meta":{"footnotes":""},"categories":[18,29],"tags":[],"class_list":["post-16163","post","type-post","status-publish","format-standard","has-post-thumbnail","hentry","category-actualites","category-monde"],"_links":{"self":[{"href":"https:\/\/ladepeche.mr\/index.php?rest_route=\/wp\/v2\/posts\/16163","targetHints":{"allow":["GET"]}}],"collection":[{"href":"https:\/\/ladepeche.mr\/index.php?rest_route=\/wp\/v2\/posts"}],"about":[{"href":"https:\/\/ladepeche.mr\/index.php?rest_route=\/wp\/v2\/types\/post"}],"author":[{"embeddable":true,"href":"https:\/\/ladepeche.mr\/index.php?rest_route=\/wp\/v2\/users\/2"}],"replies":[{"embeddable":true,"href":"https:\/\/ladepeche.mr\/index.php?rest_route=%2Fwp%2Fv2%2Fcomments&post=16163"}],"version-history":[{"count":1,"href":"https:\/\/ladepeche.mr\/index.php?rest_route=\/wp\/v2\/posts\/16163\/revisions"}],"predecessor-version":[{"id":16164,"href":"https:\/\/ladepeche.mr\/index.php?rest_route=\/wp\/v2\/posts\/16163\/revisions\/16164"}],"wp:featuredmedia":[{"embeddable":true,"href":"https:\/\/ladepeche.mr\/index.php?rest_route=\/wp\/v2\/media\/14546"}],"wp:attachment":[{"href":"https:\/\/ladepeche.mr\/index.php?rest_route=%2Fwp%2Fv2%2Fmedia&parent=16163"}],"wp:term":[{"taxonomy":"category","embeddable":true,"href":"https:\/\/ladepeche.mr\/index.php?rest_route=%2Fwp%2Fv2%2Fcategories&post=16163"},{"taxonomy":"post_tag","embeddable":true,"href":"https:\/\/ladepeche.mr\/index.php?rest_route=%2Fwp%2Fv2%2Ftags&post=16163"}],"curies":[{"name":"wp","href":"https:\/\/api.w.org\/{rel}","templated":true}]}}