{"id":16172,"date":"2025-06-04T14:09:18","date_gmt":"2025-06-04T14:09:18","guid":{"rendered":"https:\/\/ladepeche.mr\/?p=16172"},"modified":"2025-06-04T14:09:18","modified_gmt":"2025-06-04T14:09:18","slug":"flotille-de-la-liberte-la-madleen-nargue-le-criminel-de-guerre-netanyahou","status":"publish","type":"post","link":"https:\/\/ladepeche.mr\/?p=16172","title":{"rendered":"Flotille de la libert\u00e9: la &#8220;Madleen&#8221; nargue le criminel de guerre, Netanyahou!"},"content":{"rendered":"<p>Le bateau de la Coalition de la Flottille de la libert\u00e9, la &#8220;Madleen&#8221;, est parti dimanche 1er juin de Sicile (Italie) pour tenter de fendre le blocus isra\u00e9lien impos\u00e9 contre Gaza dont les populations souffrent d\u00e9j\u00e0, depuis plus d&#8217;une ann\u00e9e et huit mois, le martyr du fait de la violence militaire et du silence coupable des puissants gouvernements dans le monde.<\/p>\n<p>La mission de la &#8220;Madleen&#8221; \u00e0 bord de laquelle ont embarqu\u00e9 Greta Thunberg, \u00e9cologiste, et l\u2019eurod\u00e9put\u00e9e Rima Hassan est d&#8217;apporter quelques vivres aux palestiniens qui en sont sevr\u00e9s depuis des mois par le gouvernement Netanyahou visant \u00e0 les pousser \u00e0 l&#8217;exil. Des d\u00e9portations sont, en effet, envisag\u00e9es contre les gazaouis dont le gouvernement isra\u00e9lien veut rendre les conditions de vie intenables en les affamant apr\u00e8s avoir utilis\u00e9 toute la panoplie militaire pour les massacrer. Greta et Rima ne sont pas seules a bord du voilier. En effet, on cite &#8220;Omar Faiad, journaliste et pr\u00e9sentateur pour Al Jazeera, Pascal Maurieras, le militant br\u00e9silien Thiago \u00c1vila, ou encore l\u2019activiste allemande Yasemin Acar&#8221;. Ils sont au total une douzaine de personnes en comptant l&#8217;\u00e9quipage.<br \/>\nAux derni\u00e8res nouvelles, le navire qui se trouverait encore dans les eaux internationales aurait re\u00e7u la visite &#8220;surprise&#8221; d&#8217;un drone dont les intentions n&#8217;\u00e9taient pas &#8220;claires&#8221;.<br \/>\nLa mission du voilier est de braver le blocus, d\u00e9noncer le g\u00e9nocide en cours et apporter une aide symbolique en nourritures (jus de fruit, lait, riz, conserves, barres prot\u00e9in\u00e9es&#8230;).<br \/>\nMalgr\u00e9 leur courage, il y a de quoi craindre pour leurs vies face \u00e0 l&#8217;arm\u00e9e la &#8220;plus morale&#8221; du monde. La quatri\u00e8me puissance militaire qui massacre des enfants et des femmes. Celui qui n&#8217;a pas eu piti\u00e9 d&#8217;enfants ne peut en avoir pour d&#8217;autres. C&#8217;est clair. Le monde est inform\u00e9 de l&#8217;odyss\u00e9e de la &#8220;Madleen&#8221; dans un monde laiss\u00e9 aux mains d&#8217;un homme, Benyamin Bentanyahou, pr\u00e9sum\u00e9 coupable de crimes de guerre et contre l&#8217;humanit\u00e9. Des crimes dont il s&#8217;est rendu surement coupable avec le soutien de certaines personnalit\u00e9s politiques dans le monde. Vont-elles encore lui permettre d&#8217;assouvir sa soif insatiable de sang en lui signifiant le libre court pour \u00e9craser le petit voilier en route pour Gaza?<\/p>\n<p>JD<\/p>\n","protected":false},"excerpt":{"rendered":"<p>Le bateau de la Coalition de la Flottille de la libert\u00e9, la &#8220;Madleen&#8221;, est parti dimanche 1er juin de Sicile (Italie) pour tenter de fendre le blocus isra\u00e9lien impos\u00e9 contre Gaza dont les populations souffrent d\u00e9j\u00e0, depuis plus d&#8217;une ann\u00e9e et huit mois, le martyr du fait de la violence militaire et du silence coupable &hellip;<\/p>\n","protected":false},"author":2,"featured_media":16173,"comment_status":"open","ping_status":"open","sticky":false,"template":"","format":"standard","meta":{"footnotes":""},"categories":[18,29],"tags":[],"class_list":["post-16172","post","type-post","status-publish","format-standard","has-post-thumbnail","hentry","category-actualites","category-monde"],"_links":{"self":[{"href":"https:\/\/ladepeche.mr\/index.php?rest_route=\/wp\/v2\/posts\/16172","targetHints":{"allow":["GET"]}}],"collection":[{"href":"https:\/\/ladepeche.mr\/index.php?rest_route=\/wp\/v2\/posts"}],"about":[{"href":"https:\/\/ladepeche.mr\/index.php?rest_route=\/wp\/v2\/types\/post"}],"author":[{"embeddable":true,"href":"https:\/\/ladepeche.mr\/index.php?rest_route=\/wp\/v2\/users\/2"}],"replies":[{"embeddable":true,"href":"https:\/\/ladepeche.mr\/index.php?rest_route=%2Fwp%2Fv2%2Fcomments&post=16172"}],"version-history":[{"count":1,"href":"https:\/\/ladepeche.mr\/index.php?rest_route=\/wp\/v2\/posts\/16172\/revisions"}],"predecessor-version":[{"id":16174,"href":"https:\/\/ladepeche.mr\/index.php?rest_route=\/wp\/v2\/posts\/16172\/revisions\/16174"}],"wp:featuredmedia":[{"embeddable":true,"href":"https:\/\/ladepeche.mr\/index.php?rest_route=\/wp\/v2\/media\/16173"}],"wp:attachment":[{"href":"https:\/\/ladepeche.mr\/index.php?rest_route=%2Fwp%2Fv2%2Fmedia&parent=16172"}],"wp:term":[{"taxonomy":"category","embeddable":true,"href":"https:\/\/ladepeche.mr\/index.php?rest_route=%2Fwp%2Fv2%2Fcategories&post=16172"},{"taxonomy":"post_tag","embeddable":true,"href":"https:\/\/ladepeche.mr\/index.php?rest_route=%2Fwp%2Fv2%2Ftags&post=16172"}],"curies":[{"name":"wp","href":"https:\/\/api.w.org\/{rel}","templated":true}]}}