{"id":16175,"date":"2025-06-04T16:58:24","date_gmt":"2025-06-04T16:58:24","guid":{"rendered":"https:\/\/ladepeche.mr\/?p=16175"},"modified":"2025-06-04T16:58:24","modified_gmt":"2025-06-04T16:58:24","slug":"presidentielle-2025-en-cote-divoire-thiam-gbagbo-ble-goude-et-soro-exclus-un-scrutin-sous-haute-tension","status":"publish","type":"post","link":"https:\/\/ladepeche.mr\/?p=16175","title":{"rendered":"Pr\u00e9sidentielle 2025 en C\u00f4te d\u2019Ivoire : Thiam, Gbagbo, Bl\u00e9 Goud\u00e9 et Soro exclus \u2014 Un scrutin sous haute tension !"},"content":{"rendered":"<p>La tension monte \u00e0 l\u2019approche de l\u2019\u00e9lection pr\u00e9sidentielle pr\u00e9vue pour le\u00a0<strong>25 octobre 2025<\/strong>\u00a0en C\u00f4te d\u2019Ivoire. Mercredi 4 juin, la\u00a0<strong>Commission \u00e9lectorale ind\u00e9pendante (CEI)<\/strong>\u00a0a publi\u00e9 la\u00a0<strong>liste \u00e9lectorale d\u00e9finitive<\/strong>. Parmi les absents de poids :\u00a0<strong>Tidjane Thiam<\/strong>,\u00a0<strong>Laurent Gbagbo<\/strong>,\u00a0<strong>Charles Bl\u00e9 Goud\u00e9<\/strong>\u00a0et\u00a0<strong>Guillaume Soro<\/strong>. Tous ont \u00e9t\u00e9\u00a0<strong>d\u00e9finitivement exclus<\/strong>\u00a0du processus \u00e9lectoral et ne pourront\u00a0<strong>ni se pr\u00e9senter, ni voter<\/strong>.<\/p>\n<h3 class=\"article-sub-heading\"><strong>Les exclus de la liste \u00e9lectorale<\/strong><\/h3>\n<p data-t=\"{&quot;n&quot;:&quot;blueLinks&quot;,&quot;t&quot;:13,&quot;a&quot;:&quot;click&quot;,&quot;b&quot;:76}\">La radiation de ces quatre figures embl\u00e9matiques de l\u2019opposition cr\u00e9e une onde de choc :<\/p>\n<div class=\"article-list-slot\">\n<ul>\n<li data-t=\"{&quot;n&quot;:&quot;blueLinks&quot;,&quot;t&quot;:13,&quot;a&quot;:&quot;click&quot;,&quot;b&quot;:76}\">\n<p class=\"continue-read-break\" data-t=\"{&quot;n&quot;:&quot;blueLinks&quot;,&quot;t&quot;:13,&quot;a&quot;:&quot;click&quot;,&quot;b&quot;:76}\"><strong>Tidjane Thiam<\/strong>, pr\u00e9sident du\u00a0<strong>PDCI<\/strong>, a \u00e9t\u00e9 radi\u00e9 en avril 2025 suite \u00e0 une\u00a0<strong>d\u00e9cision de justice<\/strong>\u00a0contestant sa nationalit\u00e9 ivoirienne au moment de son inscription.<\/p>\n<\/li>\n<li data-t=\"{&quot;n&quot;:&quot;blueLinks&quot;,&quot;t&quot;:13,&quot;a&quot;:&quot;click&quot;,&quot;b&quot;:76}\">\n<p data-t=\"{&quot;n&quot;:&quot;blueLinks&quot;,&quot;t&quot;:13,&quot;a&quot;:&quot;click&quot;,&quot;b&quot;:76}\"><strong>Laurent Gbagbo<\/strong>, ancien pr\u00e9sident, ainsi que son ex-ministre\u00a0<strong>Charles Bl\u00e9 Goud\u00e9<\/strong>\u00a0sont toujours \u00e9cart\u00e9s \u00e0 cause de\u00a0<strong>condamnations judiciaires<\/strong>\u00a0ant\u00e9rieures.<\/p>\n<\/li>\n<li data-t=\"{&quot;n&quot;:&quot;blueLinks&quot;,&quot;t&quot;:13,&quot;a&quot;:&quot;click&quot;,&quot;b&quot;:76}\">\n<p data-t=\"{&quot;n&quot;:&quot;blueLinks&quot;,&quot;t&quot;:13,&quot;a&quot;:&quot;click&quot;,&quot;b&quot;:76}\"><strong>Guillaume Soro<\/strong>, ancien Premier ministre aujourd\u2019hui en exil, est lui aussi maintenu hors du fichier \u00e9lectoral.<\/p>\n<\/li>\n<\/ul>\n<\/div>\n<p class=\"\" data-t=\"{&quot;n&quot;:&quot;blueLinks&quot;,&quot;t&quot;:13,&quot;a&quot;:&quot;click&quot;,&quot;b&quot;:76}\">Le pr\u00e9sident de la CEI,\u00a0<strong>Ibrahime Kuibiert Coulibaly<\/strong>, a d\u00e9clar\u00e9 qu\u2019<strong>aucune r\u00e9vision<\/strong>\u00a0de la liste \u00e9lectorale\u00a0<strong>n\u2019aurait lieu<\/strong>\u00a0d\u2019ici au scrutin, invoquant un\u00a0<strong>d\u00e9lai insuffisant<\/strong>\u00a0pour mener \u00e0 bien l\u2019op\u00e9ration.<\/p>\n<p data-t=\"{&quot;n&quot;:&quot;blueLinks&quot;,&quot;t&quot;:13,&quot;a&quot;:&quot;click&quot;,&quot;b&quot;:76}\">\n<h3 class=\"article-sub-heading\"><strong>R\u00e9actions et recours internationaux<\/strong><\/h3>\n<p data-t=\"{&quot;n&quot;:&quot;blueLinks&quot;,&quot;t&quot;:13,&quot;a&quot;:&quot;click&quot;,&quot;b&quot;:76}\">Depuis l\u2019\u00e9tranger,\u00a0<strong>Tidjane Thiam<\/strong>\u00a0a d\u00e9nonc\u00e9 une\u00a0<strong>d\u00e9rive autoritaire<\/strong>\u00a0de l\u2019\u00c9tat ivoirien. Dans un communiqu\u00e9, il fustige une\u00a0<em>&#8220;absence totale de d\u00e9mocratie&#8221;<\/em>\u00a0et affirme avoir saisi le\u00a0<strong>Comit\u00e9 des droits de l\u2019Homme de l\u2019ONU<\/strong>.<\/p>\n<p data-t=\"{&quot;n&quot;:&quot;blueLinks&quot;,&quot;t&quot;:13,&quot;a&quot;:&quot;click&quot;,&quot;b&quot;:76}\">Son avocat,\u00a0<strong>Me Mathias Chichportich<\/strong>, accuse la CEI d\u2019avoir pris une d\u00e9cision &#8220;arbitraire et discriminatoire&#8221;, en violation des engagements internationaux de la C\u00f4te d\u2019Ivoire.<\/p>\n<p data-t=\"{&quot;n&quot;:&quot;blueLinks&quot;,&quot;t&quot;:13,&quot;a&quot;:&quot;click&quot;,&quot;b&quot;:76}\">Du c\u00f4t\u00e9 du\u00a0<strong>PPA-CI<\/strong>, parti de Laurent Gbagbo,\u00a0<strong>Jean-Gervais Tch\u00e9id\u00e9<\/strong>, son porte-parole adjoint, condamne un &#8220;passage en force&#8221; du pouvoir et affirme :\u00a0<em>\u00ab Nous n\u2019allons pas les laisser faire \u00bb<\/em>.<\/p>\n<p data-t=\"{&quot;n&quot;:&quot;blueLinks&quot;,&quot;t&quot;:13,&quot;a&quot;:&quot;click&quot;,&quot;b&quot;:76}\">\n<h3 class=\"article-sub-heading\"><strong>Les candidats restants en lice<\/strong><\/h3>\n<p data-t=\"{&quot;n&quot;:&quot;blueLinks&quot;,&quot;t&quot;:13,&quot;a&quot;:&quot;click&quot;,&quot;b&quot;:76}\">Malgr\u00e9 ces exclusions, d&#8217;autres figures politiques restent \u00e9ligibles :<\/p>\n<div class=\"article-list-slot\">\n<ul>\n<li data-t=\"{&quot;n&quot;:&quot;blueLinks&quot;,&quot;t&quot;:13,&quot;a&quot;:&quot;click&quot;,&quot;b&quot;:76}\">\n<p data-t=\"{&quot;n&quot;:&quot;blueLinks&quot;,&quot;t&quot;:13,&quot;a&quot;:&quot;click&quot;,&quot;b&quot;:76}\"><strong>Simone Ehivet Gbagbo<\/strong>, ex-Premi\u00e8re dame<\/p>\n<\/li>\n<li data-t=\"{&quot;n&quot;:&quot;blueLinks&quot;,&quot;t&quot;:13,&quot;a&quot;:&quot;click&quot;,&quot;b&quot;:76}\">\n<p data-t=\"{&quot;n&quot;:&quot;blueLinks&quot;,&quot;t&quot;:13,&quot;a&quot;:&quot;click&quot;,&quot;b&quot;:76}\"><strong>Jean-Louis Billon<\/strong>, ancien ministre du Commerce<\/p>\n<\/li>\n<li data-t=\"{&quot;n&quot;:&quot;blueLinks&quot;,&quot;t&quot;:13,&quot;a&quot;:&quot;click&quot;,&quot;b&quot;:76}\">\n<p data-t=\"{&quot;n&quot;:&quot;blueLinks&quot;,&quot;t&quot;:13,&quot;a&quot;:&quot;click&quot;,&quot;b&quot;:76}\"><strong>Pascal Affi N\u2019Guessan<\/strong>, ancien Premier ministre<\/p>\n<\/li>\n<\/ul>\n<\/div>\n<p data-t=\"{&quot;n&quot;:&quot;blueLinks&quot;,&quot;t&quot;:13,&quot;a&quot;:&quot;click&quot;,&quot;b&quot;:76}\">Mais l&#8217;opposition reste unanime :\u00a0<strong>les conditions ne sont pas r\u00e9unies<\/strong>\u00a0pour une \u00e9lection cr\u00e9dible et apais\u00e9e.\u00a0<em>\u00ab Il faut une discussion avec le gouvernement. Nous n\u2019accepterons pas un passage en force \u00bb,<\/em>\u00a0avertit Simone Gbagbo.<\/p>\n<div class=\"intra-article-module\" data-t=\"{&quot;n&quot;:&quot;intraArticle&quot;,&quot;t&quot;:13}\">\n<div class=\"articlePageIntraArticleFullWidth ad-slot-placeholder left-image-intra-ad full-bleed-image-intra-ad collapsed\" data-ad-index=\"2\">\n<div class=\"intra-article-ad-full left-image-intra-ad full-bleed-image-intra-ad\">\n<div>\n<div class=\"full-bleed-image-intra-ad\">&lt;cs-card &#8220;=&#8221;&#8221; class=&#8221;card-outer &#8221; id=&#8221;native_ad_collapse-inarticle-0&#8243; part=&#8221;&#8221; size=&#8221;_1x_2y&#8221;&gt;<\/p>\n<div class=\"content no-image\">\n<div id=\"media-overlay\" class=\"media-overlay\"><\/div>\n<div class=\"text\">\n<div class=\"choice-slug-wrapper\">\n<div class=\"ad-slug\">\n<div class=\"ad-provider\"><\/div>\n<\/div>\n<div class=\"ad-choice-container\"><\/div>\n<\/div>\n<p><a id=\"heading\" class=\"heading\" target=\"_blank\"><\/a><\/p>\n<div id=\"abstract\" class=\"abstract\"><\/div>\n<\/div>\n<div class=\"action-tray preload\">\n<div id=\"footer-start\" class=\"footer-start\"><\/div>\n<div id=\"footer-end\" class=\"footer-end\"><\/div>\n<\/div>\n<div class=\"hide-story-wrapper\">\n<div id=\"hide-story\" class=\"hide-story\"><\/div>\n<\/div>\n<\/div>\n<\/div>\n<\/div>\n<\/div>\n<\/div>\n<\/div>\n<h3 class=\"article-sub-heading\"><strong>Une liste \u00e9lectorale fig\u00e9e, une contestation persistante<\/strong><\/h3>\n<p data-t=\"{&quot;n&quot;:&quot;blueLinks&quot;,&quot;t&quot;:13,&quot;a&quot;:&quot;click&quot;,&quot;b&quot;:76}\">La liste \u00e9lectorale compte d\u00e9sormais\u00a0<strong>plus de 8,7 millions d\u2019inscrits<\/strong>, soit\u00a0<strong>715 000 \u00e9lecteurs de plus<\/strong>\u00a0qu\u2019en 2023. Pourtant, les appels \u00e0 une\u00a0<strong>nouvelle r\u00e9vision<\/strong>\u00a0de la liste n\u2019ont pas \u00e9t\u00e9 entendus.<\/p>\n<p data-t=\"{&quot;n&quot;:&quot;blueLinks&quot;,&quot;t&quot;:13,&quot;a&quot;:&quot;click&quot;,&quot;b&quot;:76}\">Lors de son intervention au meeting du\u00a0<strong>CAP-CI<\/strong>\u00a0\u00e0 Yopougon, le 31 mai,\u00a0<strong>Tidjane Thiam<\/strong>\u00a0avait insist\u00e9 :\u00a0<em>\u00ab Il faut que le maximum d\u2019Ivoiriens puissent voter \u00bb<\/em>. Mais la CEI rappelle qu&#8217;une r\u00e9vision prendrait\u00a0<strong>6 \u00e0 7 mois<\/strong>, ce qui\u00a0<strong>compromettrait<\/strong>\u00a0l\u2019\u00e9ch\u00e9ance du\u00a0<strong>25 octobre<\/strong>.<\/p>\n<p data-t=\"{&quot;n&quot;:&quot;blueLinks&quot;,&quot;t&quot;:13,&quot;a&quot;:&quot;click&quot;,&quot;b&quot;:76}\">La CEI, sous pression, d\u00e9fend la\u00a0<strong>l\u00e9galit\u00e9<\/strong>\u00a0de sa d\u00e9marche, affirmant n\u2019avoir fait qu\u2019ex\u00e9cuter les\u00a0<strong>d\u00e9cisions de justice<\/strong>. Mais l\u2019opposition doute de\u00a0<strong>l\u2019ind\u00e9pendance<\/strong>\u00a0de l\u2019institution, d\u2019autant que les partis de\u00a0<strong>Thiam<\/strong>\u00a0et\u00a0<strong>Gbagbo<\/strong>\u00a0ont suspendu leur participation aux travaux de la CEI depuis avril.<\/p>\n<h3 class=\"article-sub-heading\"><strong>Un silence strat\u00e9gique d&#8217;Alassane Ouattara<\/strong><\/h3>\n<p data-t=\"{&quot;n&quot;:&quot;blueLinks&quot;,&quot;t&quot;:13,&quot;a&quot;:&quot;click&quot;,&quot;b&quot;:76}\">Le pr\u00e9sident\u00a0<strong>Alassane Ouattara<\/strong>, en poste depuis\u00a0<strong>2011<\/strong>, reste muet sur une \u00e9ventuelle\u00a0<strong>candidature \u00e0 un quatri\u00e8me mandat<\/strong>. Cependant, le\u00a0<strong>RHDP<\/strong>, son parti, tiendra son\u00a0<strong>congr\u00e8s les 21 et 22 juin<\/strong>, o\u00f9 il devrait \u00eatre\u00a0<strong>officiellement sollicit\u00e9<\/strong>\u00a0pour briguer un nouveau mandat.<\/p>\n<div class=\"intra-article-module\" data-t=\"{&quot;n&quot;:&quot;intraArticle&quot;,&quot;t&quot;:13}\"><\/div>\n<p data-t=\"{&quot;n&quot;:&quot;blueLinks&quot;,&quot;t&quot;:13,&quot;a&quot;:&quot;click&quot;,&quot;b&quot;:76}\">Alors que le compte \u00e0 rebours vers l\u2019\u00e9lection est lanc\u00e9, la C\u00f4te d\u2019Ivoire entre dans une\u00a0<strong>zone de turbulence politique<\/strong>. L\u2019exclusion de grandes figures de l\u2019opposition risque de\u00a0<strong>fragiliser la cr\u00e9dibilit\u00e9<\/strong>\u00a0du scrutin. Dans un contexte tendu, la question reste ouverte :\u00a0<strong>la pr\u00e9sidentielle d\u2019octobre 2025 sera-t-elle synonyme de renouveau d\u00e9mocratique\u2026 ou d\u2019impasse politique?<\/strong><\/p>\n<p data-t=\"{&quot;n&quot;:&quot;blueLinks&quot;,&quot;t&quot;:13,&quot;a&quot;:&quot;click&quot;,&quot;b&quot;:76}\"><a href=\"https:\/\/www.msn.com\/fr-xl\/afrique-centre-et-est\/republique-democratique-du-congo-actualite\/pr%C3%A9sidentielle-2025-en-c%C3%B4te-d-ivoire-thiam-gbagbo-bl%C3%A9-goud%C3%A9-et-soro-exclus-un-scrutin-sous-haute-tension\/ar-AA1G5ep0?ocid=msedgdhp&amp;pc=U531&amp;cvid=1a8b545b418a4f84ac432a45cf288105&amp;ei=34\">Pr\u00e9sidentielle 2025 en C\u00f4te d\u2019Ivoire : Thiam, Gbagbo, Bl\u00e9 Goud\u00e9 et Soro exclus \u2014 Un scrutin sous haute tension !<\/a><\/p>\n","protected":false},"excerpt":{"rendered":"<p>La tension monte \u00e0 l\u2019approche de l\u2019\u00e9lection pr\u00e9sidentielle pr\u00e9vue pour le\u00a025 octobre 2025\u00a0en C\u00f4te d\u2019Ivoire. Mercredi 4 juin, la\u00a0Commission \u00e9lectorale ind\u00e9pendante (CEI)\u00a0a publi\u00e9 la\u00a0liste \u00e9lectorale d\u00e9finitive. Parmi les absents de poids :\u00a0Tidjane Thiam,\u00a0Laurent Gbagbo,\u00a0Charles Bl\u00e9 Goud\u00e9\u00a0et\u00a0Guillaume Soro. Tous ont \u00e9t\u00e9\u00a0d\u00e9finitivement exclus\u00a0du processus \u00e9lectoral et ne pourront\u00a0ni se pr\u00e9senter, ni voter. Les exclus de la liste &hellip;<\/p>\n","protected":false},"author":2,"featured_media":16176,"comment_status":"open","ping_status":"open","sticky":false,"template":"","format":"standard","meta":{"footnotes":""},"categories":[18,29],"tags":[],"class_list":["post-16175","post","type-post","status-publish","format-standard","has-post-thumbnail","hentry","category-actualites","category-monde"],"_links":{"self":[{"href":"https:\/\/ladepeche.mr\/index.php?rest_route=\/wp\/v2\/posts\/16175","targetHints":{"allow":["GET"]}}],"collection":[{"href":"https:\/\/ladepeche.mr\/index.php?rest_route=\/wp\/v2\/posts"}],"about":[{"href":"https:\/\/ladepeche.mr\/index.php?rest_route=\/wp\/v2\/types\/post"}],"author":[{"embeddable":true,"href":"https:\/\/ladepeche.mr\/index.php?rest_route=\/wp\/v2\/users\/2"}],"replies":[{"embeddable":true,"href":"https:\/\/ladepeche.mr\/index.php?rest_route=%2Fwp%2Fv2%2Fcomments&post=16175"}],"version-history":[{"count":1,"href":"https:\/\/ladepeche.mr\/index.php?rest_route=\/wp\/v2\/posts\/16175\/revisions"}],"predecessor-version":[{"id":16177,"href":"https:\/\/ladepeche.mr\/index.php?rest_route=\/wp\/v2\/posts\/16175\/revisions\/16177"}],"wp:featuredmedia":[{"embeddable":true,"href":"https:\/\/ladepeche.mr\/index.php?rest_route=\/wp\/v2\/media\/16176"}],"wp:attachment":[{"href":"https:\/\/ladepeche.mr\/index.php?rest_route=%2Fwp%2Fv2%2Fmedia&parent=16175"}],"wp:term":[{"taxonomy":"category","embeddable":true,"href":"https:\/\/ladepeche.mr\/index.php?rest_route=%2Fwp%2Fv2%2Fcategories&post=16175"},{"taxonomy":"post_tag","embeddable":true,"href":"https:\/\/ladepeche.mr\/index.php?rest_route=%2Fwp%2Fv2%2Ftags&post=16175"}],"curies":[{"name":"wp","href":"https:\/\/api.w.org\/{rel}","templated":true}]}}