{"id":16184,"date":"2025-06-04T19:00:19","date_gmt":"2025-06-04T19:00:19","guid":{"rendered":"https:\/\/ladepeche.mr\/?p=16184"},"modified":"2025-06-04T17:22:15","modified_gmt":"2025-06-04T17:22:15","slug":"le-ministre-de-leconomie-et-des-finances-examine-avec-lambassadeur-de-lue-le-renforcement-du-partenariat-economique-et-financier-entre-les-deux-parties","status":"publish","type":"post","link":"https:\/\/ladepeche.mr\/?p=16184","title":{"rendered":"Le ministre de l\u2019\u00c9conomie et des Finances examine avec l\u2019ambassadeur de l\u2019UE le renforcement du partenariat \u00e9conomique et financier entre les deux parties"},"content":{"rendered":"<p>Son Excellence le ministre de l\u2019\u00c9conomie et des Finances, M. Sid&#8217; Ahmed Ould Bouh, a tenu mercredi \u00e0 Nouakchott des discussions avec l\u2019ambassadeur de l\u2019Union europ\u00e9enne en Mauritanie, M. Joaqu\u00edn Tasso Vilallonga.<\/p>\n<p>La rencontre a port\u00e9 sur les moyens de renforcer la coop\u00e9ration bilat\u00e9rale dans les domaines \u00e9conomique et financier, dans le cadre du partenariat strat\u00e9gique unissant les deux parties.<\/p>\n<p>Les \u00e9changes ont notamment concern\u00e9 les m\u00e9canismes susceptibles d\u2019acc\u00e9l\u00e9rer le d\u00e9veloppement durable en Mauritanie, avec une attention particuli\u00e8re accord\u00e9e \u00e0 l\u2019appui aux programmes de d\u00e9veloppement, en coh\u00e9rence avec les priorit\u00e9s nationales et la vision de l\u2019Union europ\u00e9enne.<\/p>\n<p>Ont pris part \u00e0 la rencontre le directeur g\u00e9n\u00e9ral des Financements et de la Coop\u00e9ration \u00e9conomique, M. Mohamed Salem Ould Nani, et de son adjoint, \u00e9galement coordinateur de la cellule Union europ\u00e9enne, M. Mahfoudh Ould Ahmedou.<\/p>\n<p>Source MEF<\/p>\n","protected":false},"excerpt":{"rendered":"<p>Son Excellence le ministre de l\u2019\u00c9conomie et des Finances, M. Sid&#8217; Ahmed Ould Bouh, a tenu mercredi \u00e0 Nouakchott des discussions avec l\u2019ambassadeur de l\u2019Union europ\u00e9enne en Mauritanie, M. Joaqu\u00edn Tasso Vilallonga. La rencontre a port\u00e9 sur les moyens de renforcer la coop\u00e9ration bilat\u00e9rale dans les domaines \u00e9conomique et financier, dans le cadre du partenariat &hellip;<\/p>\n","protected":false},"author":2,"featured_media":16182,"comment_status":"open","ping_status":"open","sticky":false,"template":"","format":"standard","meta":{"footnotes":""},"categories":[18,2],"tags":[],"class_list":["post-16184","post","type-post","status-publish","format-standard","has-post-thumbnail","hentry","category-actualites","category-economie"],"_links":{"self":[{"href":"https:\/\/ladepeche.mr\/index.php?rest_route=\/wp\/v2\/posts\/16184","targetHints":{"allow":["GET"]}}],"collection":[{"href":"https:\/\/ladepeche.mr\/index.php?rest_route=\/wp\/v2\/posts"}],"about":[{"href":"https:\/\/ladepeche.mr\/index.php?rest_route=\/wp\/v2\/types\/post"}],"author":[{"embeddable":true,"href":"https:\/\/ladepeche.mr\/index.php?rest_route=\/wp\/v2\/users\/2"}],"replies":[{"embeddable":true,"href":"https:\/\/ladepeche.mr\/index.php?rest_route=%2Fwp%2Fv2%2Fcomments&post=16184"}],"version-history":[{"count":1,"href":"https:\/\/ladepeche.mr\/index.php?rest_route=\/wp\/v2\/posts\/16184\/revisions"}],"predecessor-version":[{"id":16185,"href":"https:\/\/ladepeche.mr\/index.php?rest_route=\/wp\/v2\/posts\/16184\/revisions\/16185"}],"wp:featuredmedia":[{"embeddable":true,"href":"https:\/\/ladepeche.mr\/index.php?rest_route=\/wp\/v2\/media\/16182"}],"wp:attachment":[{"href":"https:\/\/ladepeche.mr\/index.php?rest_route=%2Fwp%2Fv2%2Fmedia&parent=16184"}],"wp:term":[{"taxonomy":"category","embeddable":true,"href":"https:\/\/ladepeche.mr\/index.php?rest_route=%2Fwp%2Fv2%2Fcategories&post=16184"},{"taxonomy":"post_tag","embeddable":true,"href":"https:\/\/ladepeche.mr\/index.php?rest_route=%2Fwp%2Fv2%2Ftags&post=16184"}],"curies":[{"name":"wp","href":"https:\/\/api.w.org\/{rel}","templated":true}]}}