{"id":16186,"date":"2025-06-05T11:07:50","date_gmt":"2025-06-05T11:07:50","guid":{"rendered":"https:\/\/ladepeche.mr\/?p=16186"},"modified":"2025-06-05T11:07:50","modified_gmt":"2025-06-05T11:07:50","slug":"cooperation-une-campagne-de-communication-sur-les-actions-de-lue-en-mauritanie","status":"publish","type":"post","link":"https:\/\/ladepeche.mr\/?p=16186","title":{"rendered":"Coop\u00e9ration: Une campagne de communication sur les actions de l\u2019Ue en Mauritanie"},"content":{"rendered":"<p class=\"p3\"><span class=\"s2\">La d\u00e9l\u00e9gation de l\u2019Union Europ\u00e9enne devrait organiser, en octobre prochain, une campagne de communication en Mauritanie pour mieux informer des programmes et actions qu\u2019elle r\u00e9alise au profit du pays, apprend-on de bonne source.<\/span><\/p>\n<p class=\"p3\"><span class=\"s2\">L\u2019organisation de ces journ\u00e9es de communication a \u00e9t\u00e9 r\u00e9v\u00e9l\u00e9e, mercredi, au ministre mauritanien de l\u2019\u00e9conomie et des finances, Sid\u2019Ahmed Ould Bouh, par l\u2019ambassadeur de l\u2019Ue, SEM. Joaqu\u00edn Tasso Vilallonga, lors d\u2019une audience qu\u2019il lui avait accord\u00e9e.<\/span><\/p>\n<p class=\"p3\"><span class=\"s3\">Au cours de ces \u00e9changes entre les deux responsables, visant le renforcement du partenariat \u00e9conomique et financier, il a \u00e9t\u00e9 question d\u2019un appui budg\u00e9taire de l\u2019Ue pour le gouvernement mauritanien.<\/span><\/p>\n<p class=\"p3\"><span class=\"s3\">Les discussions ont \u00e9galement port\u00e9 sur le suivi d\u2019ex\u00e9cution du financement de 210 millions d\u2019euros annonc\u00e9 en f\u00e9vrier 2024 par la pr\u00e9sidente de la commission europ\u00e9enne, Ursula Van Der Leyen, lors d\u2019une visite \u00e0 Nouakchott, destin\u00e9 \u00e0 <\/span><span class=\"s2\">soutenir les efforts de la Mauritanie dans le domaine de la migration, la s\u00e9curit\u00e9, l\u2019aide humanitaire et l\u2019insertion des jeunes mauritaniens.<\/span><\/p>\n<p class=\"p3\"><span class=\"s2\">Qualifi\u00e9e de coop\u00e9ration \u00abprimordiale\u00a0\u00bb pour l\u2019Ue, le partenariat et le dialogue avec la Mauritanie sur la migration avaient \u00e9t\u00e9 formalis\u00e9s par la signature d\u2019une d\u00e9claration conjointe, en mars 2024, par le <\/span><span class=\"s3\">ministre mauritanien de l&#8217;int\u00e9rieur et de la d\u00e9centralisation, Mohamed Ahmed Ould Mohamed Lemine, et la commissaire aux affaires int\u00e9rieures europ\u00e9enne, Mme Ylva\u00a0<\/span><span class=\"s2\">Johansson<\/span><span class=\"s3\">.<\/span><\/p>\n<p class=\"p1\"><span class=\"s1\">La Mauritanie et l\u2019UE entretiennent, rappelle-t-on, par ailleurs, des relations bilat\u00e9rales qualifi\u00e9es d\u2019excellentes dans divers domaines dont l\u2019acc\u00e8s des dizaines de navires europ\u00e9ens aux ressources halieutiques mauritaniennes.<\/span><\/p>\n","protected":false},"excerpt":{"rendered":"<p>La d\u00e9l\u00e9gation de l\u2019Union Europ\u00e9enne devrait organiser, en octobre prochain, une campagne de communication en Mauritanie pour mieux informer des programmes et actions qu\u2019elle r\u00e9alise au profit du pays, apprend-on de bonne source. L\u2019organisation de ces journ\u00e9es de communication a \u00e9t\u00e9 r\u00e9v\u00e9l\u00e9e, mercredi, au ministre mauritanien de l\u2019\u00e9conomie et des finances, Sid\u2019Ahmed Ould Bouh, par &hellip;<\/p>\n","protected":false},"author":2,"featured_media":16187,"comment_status":"open","ping_status":"open","sticky":false,"template":"","format":"standard","meta":{"footnotes":""},"categories":[18,2],"tags":[],"class_list":["post-16186","post","type-post","status-publish","format-standard","has-post-thumbnail","hentry","category-actualites","category-economie"],"_links":{"self":[{"href":"https:\/\/ladepeche.mr\/index.php?rest_route=\/wp\/v2\/posts\/16186","targetHints":{"allow":["GET"]}}],"collection":[{"href":"https:\/\/ladepeche.mr\/index.php?rest_route=\/wp\/v2\/posts"}],"about":[{"href":"https:\/\/ladepeche.mr\/index.php?rest_route=\/wp\/v2\/types\/post"}],"author":[{"embeddable":true,"href":"https:\/\/ladepeche.mr\/index.php?rest_route=\/wp\/v2\/users\/2"}],"replies":[{"embeddable":true,"href":"https:\/\/ladepeche.mr\/index.php?rest_route=%2Fwp%2Fv2%2Fcomments&post=16186"}],"version-history":[{"count":1,"href":"https:\/\/ladepeche.mr\/index.php?rest_route=\/wp\/v2\/posts\/16186\/revisions"}],"predecessor-version":[{"id":16188,"href":"https:\/\/ladepeche.mr\/index.php?rest_route=\/wp\/v2\/posts\/16186\/revisions\/16188"}],"wp:featuredmedia":[{"embeddable":true,"href":"https:\/\/ladepeche.mr\/index.php?rest_route=\/wp\/v2\/media\/16187"}],"wp:attachment":[{"href":"https:\/\/ladepeche.mr\/index.php?rest_route=%2Fwp%2Fv2%2Fmedia&parent=16186"}],"wp:term":[{"taxonomy":"category","embeddable":true,"href":"https:\/\/ladepeche.mr\/index.php?rest_route=%2Fwp%2Fv2%2Fcategories&post=16186"},{"taxonomy":"post_tag","embeddable":true,"href":"https:\/\/ladepeche.mr\/index.php?rest_route=%2Fwp%2Fv2%2Ftags&post=16186"}],"curies":[{"name":"wp","href":"https:\/\/api.w.org\/{rel}","templated":true}]}}