{"id":16189,"date":"2025-06-05T17:33:45","date_gmt":"2025-06-05T17:33:45","guid":{"rendered":"https:\/\/ladepeche.mr\/?p=16189"},"modified":"2025-06-05T17:33:45","modified_gmt":"2025-06-05T17:33:45","slug":"le-ministre-delegue-charge-du-budget-sentretient-avec-lambassadeur-de-chine-dans-notre-pays","status":"publish","type":"post","link":"https:\/\/ladepeche.mr\/?p=16189","title":{"rendered":"Le ministre d\u00e9l\u00e9gu\u00e9 charg\u00e9 du Budget s&#8217;entretient avec l&#8217;ambassadeur de Chine dans notre pays"},"content":{"rendered":"<p>Son Excellence le ministre D\u00e9l\u00e9gu\u00e9 aupr\u00e8s du ministre de l&#8217;Economie et des Finances, charg\u00e9 du Budget, M. Codioro Moussa N\u2019guenore, s&#8217;est entretenu jeudi \u00e0 Nouakchott avec l&#8217;ambassadeur de Chine accr\u00e9dit\u00e9 aupr\u00e8s de notre pays, SEM. Tang Zhongdong.<\/p>\n<p>Les \u00e9changes ont port\u00e9 sur les perspectives de renforcement de la coop\u00e9ration bilat\u00e9rale entre les deux pays et les moyens de consolider davantage le partenariat strat\u00e9gique qui les lie.<\/p>\n<p>L&#8217;entretien s&#8217;est d\u00e9roul\u00e9 en pr\u00e9sence du directeur de cabinet du ministre, M. Diallo Amadou Abdoulaye, et du conseiller du ministre, M. Saad Bouh Ould Reggad.<\/p>\n","protected":false},"excerpt":{"rendered":"<p>Son Excellence le ministre D\u00e9l\u00e9gu\u00e9 aupr\u00e8s du ministre de l&#8217;Economie et des Finances, charg\u00e9 du Budget, M. Codioro Moussa N\u2019guenore, s&#8217;est entretenu jeudi \u00e0 Nouakchott avec l&#8217;ambassadeur de Chine accr\u00e9dit\u00e9 aupr\u00e8s de notre pays, SEM. Tang Zhongdong. Les \u00e9changes ont port\u00e9 sur les perspectives de renforcement de la coop\u00e9ration bilat\u00e9rale entre les deux pays et &hellip;<\/p>\n","protected":false},"author":2,"featured_media":16190,"comment_status":"open","ping_status":"open","sticky":false,"template":"","format":"standard","meta":{"footnotes":""},"categories":[18,2],"tags":[],"class_list":["post-16189","post","type-post","status-publish","format-standard","has-post-thumbnail","hentry","category-actualites","category-economie"],"_links":{"self":[{"href":"https:\/\/ladepeche.mr\/index.php?rest_route=\/wp\/v2\/posts\/16189","targetHints":{"allow":["GET"]}}],"collection":[{"href":"https:\/\/ladepeche.mr\/index.php?rest_route=\/wp\/v2\/posts"}],"about":[{"href":"https:\/\/ladepeche.mr\/index.php?rest_route=\/wp\/v2\/types\/post"}],"author":[{"embeddable":true,"href":"https:\/\/ladepeche.mr\/index.php?rest_route=\/wp\/v2\/users\/2"}],"replies":[{"embeddable":true,"href":"https:\/\/ladepeche.mr\/index.php?rest_route=%2Fwp%2Fv2%2Fcomments&post=16189"}],"version-history":[{"count":1,"href":"https:\/\/ladepeche.mr\/index.php?rest_route=\/wp\/v2\/posts\/16189\/revisions"}],"predecessor-version":[{"id":16191,"href":"https:\/\/ladepeche.mr\/index.php?rest_route=\/wp\/v2\/posts\/16189\/revisions\/16191"}],"wp:featuredmedia":[{"embeddable":true,"href":"https:\/\/ladepeche.mr\/index.php?rest_route=\/wp\/v2\/media\/16190"}],"wp:attachment":[{"href":"https:\/\/ladepeche.mr\/index.php?rest_route=%2Fwp%2Fv2%2Fmedia&parent=16189"}],"wp:term":[{"taxonomy":"category","embeddable":true,"href":"https:\/\/ladepeche.mr\/index.php?rest_route=%2Fwp%2Fv2%2Fcategories&post=16189"},{"taxonomy":"post_tag","embeddable":true,"href":"https:\/\/ladepeche.mr\/index.php?rest_route=%2Fwp%2Fv2%2Ftags&post=16189"}],"curies":[{"name":"wp","href":"https:\/\/api.w.org\/{rel}","templated":true}]}}