{"id":1619,"date":"2022-08-27T21:39:12","date_gmt":"2022-08-27T21:39:12","guid":{"rendered":"https:\/\/ladepeche.mr\/?p=1619"},"modified":"2022-08-27T21:39:12","modified_gmt":"2022-08-27T21:39:12","slug":"le-developpement-tenant-compte-des-risques-pour-soutenir-la-resilience-au-climat-et-aux-catastrophes-dans-le-sahel","status":"publish","type":"post","link":"https:\/\/ladepeche.mr\/?p=1619","title":{"rendered":"Le d\u00e9veloppement tenant compte des risques pour soutenir la r\u00e9silience au climat et aux catastrophes dans le Sahel"},"content":{"rendered":"<p class=\"s3\"><span class=\"s4\"><span class=\"bumpedFont15\">Nouakchott, 25 ao\u00fbt <\/span><\/span><span class=\"s4\"><span class=\"bumpedFont15\">\u2013<\/span><\/span><span class=\"s4\"><span class=\"bumpedFont15\"> Une <\/span><\/span><span class=\"s4\"><span class=\"bumpedFont15\">cinquantaine de participants de sept pays du Sahel occidental <\/span><\/span><span class=\"s4\"><span class=\"bumpedFont15\">et du bassin du lac Tchad<\/span><\/span><span class=\"s4\"><span class=\"bumpedFont15\"> ont pris part \u00e0 <\/span><\/span><span class=\"s4\"><span class=\"bumpedFont15\">une <\/span><\/span><span class=\"s4\"><span class=\"bumpedFont15\">formation <\/span><\/span><span class=\"s4\"><span class=\"bumpedFont15\">interactive <\/span><\/span><span class=\"s4\"><span class=\"bumpedFont15\">sur l&#8217;int\u00e9gration de la r\u00e9duction des risques de catastrophe et de l&#8217;adaptation au changement climatique <\/span><\/span><span class=\"s4\"><span class=\"bumpedFont15\">dans la <\/span><\/span><span class=\"s4\"><span class=\"bumpedFont15\">prise de d\u00e9cision en mati\u00e8re de <\/span><\/span><span class=\"s4\"><span class=\"bumpedFont15\">d\u00e9veloppement <\/span><\/span><span class=\"s4\"><span class=\"bumpedFont15\">\u00e0 Nouakchott, en Mauritanie, <\/span><\/span><span class=\"s4\"><span class=\"bumpedFont15\">du <\/span><\/span><span class=\"s4\"><span class=\"bumpedFont15\">23 au 25 ao\u00fbt, la <\/span><\/span><span class=\"s4\"><span class=\"bumpedFont15\">premi\u00e8re du genre <\/span><\/span><span class=\"s4\"><span class=\"bumpedFont15\">en <\/span><\/span><span class=\"s4\"><span class=\"bumpedFont15\">Afrique de <\/span><\/span><span class=\"s4\"><span class=\"bumpedFont15\">l&#8217;Ouest<\/span><\/span><span class=\"s4\"><span class=\"bumpedFont15\">, <\/span><\/span><span class=\"s4\"><span class=\"bumpedFont15\">\u00e0 l&#8217;invitation du <\/span><\/span><span class=\"s4\"><span class=\"bumpedFont15\">Programme des Nations Unies pour le d\u00e9veloppement (PNUD) et de la Su\u00e8de<\/span><\/span><span class=\"s4\"><span class=\"bumpedFont15\">.<\/span><\/span><\/p>\n<p class=\"s3\"><span class=\"s4\"><span class=\"bumpedFont15\">\u00ab\u00a0<\/span><\/span><span class=\"s4\"><span class=\"bumpedFont15\">Dans la pratique, la r\u00e9duction des risques de catastrophe et l&#8217;adaptation au changement climatique se compl\u00e8tent ; ce sont les deux faces d&#8217;une m\u00eame pi\u00e8ce avec un objectif commun, qui est de r\u00e9duire la vuln\u00e9rabilit\u00e9 des communaut\u00e9s aux \u00e9v\u00e9nements m\u00e9t\u00e9orologiques extr\u00eames actuels et futurs,<\/span><\/span><span class=\"s4\"><span class=\"bumpedFont15\">\u00a0\u00bb<\/span><\/span> <span class=\"s4\"><span class=\"bumpedFont15\">a expliqu\u00e9 <\/span><\/span><span class=\"s4\"><span class=\"bumpedFont15\">Anna <\/span><\/span><span class=\"s4\"><span class=\"bumpedFont15\">Tj\u00e4rvar<\/span><\/span><span class=\"s4\"><span class=\"bumpedFont15\">, <\/span><\/span><span class=\"s4\"><span class=\"bumpedFont15\">C<\/span><\/span><span class=\"s4\"><span class=\"bumpedFont15\">onseill\u00e8re \u00e0 l&#8217;ambassade de Su\u00e8de \u00e0 Addis-Abeba et charg\u00e9e de programme pour l&#8217;environnement, le changement climatique et les \u00e9nergies renouvelables dans une allocution vid\u00e9o.<\/span><\/span><\/p>\n<p class=\"s3\"><span class=\"s5\">Les co\u00fbts \u00e9lev\u00e9s des impacts des catastrophes et du changement climatique <\/span><span class=\"s5\">li\u00e9s aux <\/span><span class=\"s5\">s\u00e9cheresses, aux incendies, aux <\/span><span class=\"s5\">inondations <\/span><span class=\"s5\">et aux \u00e9pid\u00e9mies justifient une approche diff\u00e9rente du d\u00e9veloppement qui <\/span><span class=\"s5\">tienne compte <\/span><span class=\"s5\">des multiples risques <\/span><span class=\"s5\">sous-jacents <\/span><span class=\"s5\">auxquels les <\/span><span class=\"s5\">populations sont expos\u00e9es.<\/span><\/p>\n<p class=\"s3\"><span class=\"s4\"><span class=\"bumpedFont15\">\u00ab\u00a0<\/span><\/span><span class=\"s4\"><span class=\"bumpedFont15\">Les acquis du d\u00e9veloppement restent fragiles et sont remis en cause par de nouvelles menaces, notamment les impacts du changement climatique<\/span><\/span><span class=\"s4\"><span class=\"bumpedFont15\">\u00a0; c<\/span><\/span><span class=\"s4\"><span class=\"bumpedFont15\">es menaces sont interconnect\u00e9es, traversent les <\/span><\/span><span class=\"s4\"><span class=\"bumpedFont15\">fronti\u00e8res <\/span><\/span><span class=\"s4\"><span class=\"bumpedFont15\">nationales et se produisent simultan\u00e9ment,<\/span><\/span><span class=\"s4\"><span class=\"bumpedFont15\">\u00a0\u00bb<\/span><\/span> <span class=\"s4\"><span class=\"bumpedFont15\">a d\u00e9clar\u00e9 <\/span><\/span><span class=\"s4\"><span class=\"bumpedFont15\">Cheikh <\/span><\/span><span class=\"s4\"><span class=\"bumpedFont15\">Fall<\/span><\/span><span class=\"s4\"><span class=\"bumpedFont15\">, coordinateur r\u00e9sident <\/span><\/span><span class=\"s4\"><span class=\"bumpedFont15\">a.i<\/span><\/span><span class=\"s4\"><span class=\"bumpedFont15\">. des Nations Unies <\/span><\/span><span class=\"s4\"><span class=\"bumpedFont15\">en Mauritanie.<\/span><\/span><\/p>\n<p class=\"s3\"><span class=\"s4\"><span class=\"bumpedFont15\">Pour cette formation, le <\/span><\/span><span class=\"s4\"><span class=\"bumpedFont15\">P<\/span><\/span><span class=\"s4\"><span class=\"bumpedFont15\">rojet de r\u00e9silience d<\/span><\/span><span class=\"s4\"><span class=\"bumpedFont15\">ans le <\/span><\/span><span class=\"s4\"><span class=\"bumpedFont15\">Sahel <\/span><\/span><span class=\"s4\"><span class=\"bumpedFont15\">du <\/span><\/span><span class=\"s4\"><span class=\"bumpedFont15\">PNUD, soutenu par la Su\u00e8de, s&#8217;est associ\u00e9 \u00e0 des agences des Nations Unies telles que la FAO et l&#8217;<\/span><\/span><span class=\"s4\"><span class=\"bumpedFont15\">Unicef<\/span><\/span><span class=\"s4\"><span class=\"bumpedFont15\">, ainsi qu&#8217;<\/span><\/span><span class=\"s4\"><span class=\"bumpedFont15\">\u00e0 des <\/span><\/span><span class=\"s4\"><span class=\"bumpedFont15\">institutions <\/span><\/span><span class=\"s4\"><span class=\"bumpedFont15\">r\u00e9gionales<\/span><\/span><span class=\"s4\"><span class=\"bumpedFont15\">, \u00e0 savoir les Commissions de l&#8217;Union africaine et de la CEDEAO et le centre climatique AGRYMET\/CILSS bas\u00e9 \u00e0 Niamey, <\/span><\/span><span class=\"s4\"><span class=\"bumpedFont15\">afin de<\/span><\/span> <span class=\"s4\"><span class=\"bumpedFont15\">renforcer les capacit\u00e9s des fonctionnaires <\/span><\/span><span class=\"s4\"><span class=\"bumpedFont15\">dans <\/span><\/span><span class=\"s4\"><span class=\"bumpedFont15\">sept pays partenaires du Sahel<\/span><\/span><span class=\"s4\"><span class=\"bumpedFont15\">.<\/span><\/span><\/p>\n<p class=\"s3\"><span class=\"s4\"><span class=\"bumpedFont15\">\u00ab\u00a0<\/span><\/span><span class=\"s4\"><span class=\"bumpedFont15\">La <\/span><\/span><span class=\"s4\"><span class=\"bumpedFont15\">formation <\/span><\/span><span class=\"s4\"><span class=\"bumpedFont15\">arrive \u00e0 point nomm\u00e9 alors que les pays se pr\u00e9parent \u00e0 la COP27 sur le changement climatique, o\u00f9 les questions d<\/span><\/span><span class=\"s4\"><span class=\"bumpedFont15\">u <\/span><\/span><span class=\"s4\"><span class=\"bumpedFont15\">risque climatique et d<\/span><\/span><span class=\"s4\"><span class=\"bumpedFont15\">u<\/span><\/span><span class=\"s4\"><span class=\"bumpedFont15\"> d\u00e9veloppement seront <\/span><\/span><span class=\"s4\"><span class=\"bumpedFont15\">amplement <\/span><\/span><span class=\"s4\"><span class=\"bumpedFont15\">d\u00e9battues,<\/span><\/span><span class=\"s4\"><span class=\"bumpedFont15\">\u00a0\u00bb a<\/span><\/span> <span class=\"s4\"><span class=\"bumpedFont15\">soulign\u00e9 <\/span><\/span><span class=\"s4\"><span class=\"bumpedFont15\">M. <\/span><\/span><span class=\"s4\"><span class=\"bumpedFont15\">Fall<\/span><\/span><span class=\"s4\"><span class=\"bumpedFont15\">.<\/span><\/span><\/p>\n<p class=\"s3\"><span class=\"s5\">La <\/span><span class=\"s5\">Vision 2025 de la CEDEAO, <\/span><span class=\"s5\">et l&#8217;<\/span><span class=\"s5\">initiative Hydro-Met, <\/span><span class=\"s5\">ont <\/span><span class=\"s5\">permis <\/span><span class=\"s5\">des avanc\u00e9es significatives dans les politiques <\/span><span class=\"s5\">des <\/span><span class=\"s5\">\u00c9tats<\/span> <span class=\"s5\">membres en mati\u00e8re d&#8217;<\/span><span class=\"s5\">environnement<\/span><span class=\"s5\">, d&#8217;<\/span><span class=\"s5\">agriculture<\/span><span class=\"s5\">, de <\/span><span class=\"s5\">s\u00e9curit\u00e9 alimentaire, de r\u00e9duction des risques de catastrophe <\/span><span class=\"s5\">et d&#8217;<\/span><span class=\"s5\">adaptation au changement climatique.<\/span><\/p>\n<p class=\"s3\"><span class=\"s4\"><span class=\"bumpedFont15\">\u00ab\u00a0<\/span><\/span><span class=\"s4\"><span class=\"bumpedFont15\">La variabilit\u00e9 du climat et les \u00e9v\u00e9nements extr\u00eames constituent aujourd&#8217;hui des risques majeurs pour le d\u00e9veloppement durable, et il existe des preuves scientifiques irr\u00e9futables<\/span><\/span><span class=\"s4\"><span class=\"bumpedFont15\"> que ces menaces vont s&#8217;acc\u00e9l\u00e9rer dans les d\u00e9cennies \u00e0 venir,<\/span><\/span><span class=\"s4\"><span class=\"bumpedFont15\">\u00a0\u00bb <\/span><\/span><span class=\"s4\"><span class=\"bumpedFont15\">a d\u00e9clar\u00e9 <\/span><\/span><span class=\"s5\">Mohammed Ibrahim, chef de la division de la r\u00e9duction des risques de catastrophe et des affaires humanitaires \u00e0 la Commission de la CEDEAO \u00e0 Abuja.<\/span><\/p>\n<p class=\"s3\"><span class=\"s5\">\u00ab\u00a0<\/span><span class=\"s5\">L&#8217;int\u00e9gration de la gestion des risques climatiques dans les processus de planification et de d\u00e9cision en mati\u00e8re de d\u00e9veloppement permet d\u00e9sormais d&#8217;exploiter les synergies entre le d\u00e9veloppement, l&#8217;adaptation au changement climatique et la r\u00e9duction des risques de catastrophe,<\/span><span class=\"s5\">\u00a0\u00bb<\/span><span class=\"s5\"> a ajout\u00e9 <\/span><span class=\"s5\">M. <\/span><span class=\"s5\">Ibrahim.<\/span><\/p>\n<p class=\"s3\"><span class=\"s5\">L&#8217;approche pr\u00e9sent\u00e9e aux participants \u00e0 la formation de Nouakchott a \u00e9t\u00e9 d\u00e9velopp\u00e9e par le PNUD en r\u00e9ponse aux demandes r\u00e9p\u00e9t\u00e9es de conseils pratiques sur l&#8217;int\u00e9gration de la r\u00e9duction des risques de catastrophe et de l&#8217;adaptation au changement climatique dans le d\u00e9veloppement et l&#8217;Agenda 2030<\/span><span class=\"s5\">.<\/span><\/p>\n<p class=\"s3\"><span class=\"s5\">En tant que <\/span><span class=\"s5\">processus strat\u00e9gique \u00e0 long terme, le <\/span><span class=\"s5\">d\u00e9veloppement tenant compte des risques <\/span><span class=\"s5\">vise \u00e0 int\u00e9grer les risques <\/span><span class=\"s5\">li\u00e9s au <\/span><span class=\"s5\">climat <\/span><span class=\"s5\">et<\/span> <span class=\"s5\">de catastrophe <\/span><span class=\"s5\">dans les processus de planification et de budg\u00e9tisation du d\u00e9veloppement aux niveaux national, sous-national et sectoriel. Il reconna\u00eet la complexit\u00e9 des contextes de risque, qui sont \u00e9galement caract\u00e9ris\u00e9s par l&#8217;ins\u00e9curit\u00e9, les \u00e9pid\u00e9mies et la volatilit\u00e9 \u00e9conomique.<\/span><\/p>\n<p class=\"s6\"><span class=\"s5\">\u00c0 la fin de la formation de trois jours, les participants retournent dans leurs pays respectifs <\/span><span class=\"s5\">du Sahel occidental et du bassin du lac Tchad <\/span><span class=\"s5\">avec <\/span><span class=\"s5\">un menu d&#8217;<\/span><span class=\"s5\">actions <\/span><span class=\"s5\">concr\u00e8tes <\/span><span class=\"s5\">pour faire progresser le d\u00e9veloppement tenant compte des risques<\/span><span class=\"s5\">conform\u00e9ment \u00e0 l&#8217;<\/span><span class=\"s5\">Agenda 2063 de l&#8217;Union africaine<\/span><span class=\"s5\">. <\/span><\/p>\n<p class=\"s8\"><span class=\"s7\">Pour plus d&#8217;informations :<\/span><\/p>\n<p class=\"s8\"><a href=\"mailto:cheikhna.aidara@undp.org\"><span class=\"s9\">Cheikhna<\/span><span class=\"s9\"> Ahmed <\/span><span class=\"s9\">Aidara<\/span><\/a><span class=\"s10\">, Charg\u00e9 de communication, PNUD en Mauritanie<\/span><\/p>\n<p class=\"s8\"><a href=\"mailto:reshmi.theckethl@undp.org\"><span class=\"s9\">Reshmi<\/span> <span class=\"s9\">Theckethil<\/span><\/a><span class=\"s10\">, <\/span><span class=\"s10\">Cheffe<\/span> <span class=\"s10\">du <\/span><span class=\"s10\">P<\/span><span class=\"s10\">rojet de r\u00e9silience d<\/span><span class=\"s10\">ans le<\/span><span class=\"s10\">Sahel, <\/span><span class=\"s10\">C<\/span><span class=\"s10\">entre <\/span><span class=\"s10\">sous-r\u00e9gional<\/span><span class=\"s10\"> du <\/span><span class=\"s10\">PNUD <\/span><span class=\"s10\">pour l&#8217;Afrique <\/span><span class=\"s10\">de l\u2019Ouest <\/span><span class=\"s10\">et <\/span><span class=\"s10\">du Centre<\/span><span class=\"s10\">, Abuja\/Dakar<\/span><\/p>\n<p class=\"s8\"><a href=\"http:\/\/angelika.planitz@undp.org\/\"><span class=\"s9\">Angelika<\/span> <span class=\"s9\">Planitz<\/span><\/a><span class=\"s10\">, <\/span><span class=\"s10\">Team Leader<\/span><span class=\"s10\">, R\u00e9duction des risques de catastrophe, Bureau de<\/span><span class=\"s10\">s<\/span><span class=\"s10\"> crise<\/span><span class=\"s10\">s<\/span><span class=\"s10\"> du PNUD<\/span><\/p>\n","protected":false},"excerpt":{"rendered":"<p>Nouakchott, 25 ao\u00fbt \u2013 Une cinquantaine de participants de sept pays du Sahel occidental et du bassin du lac Tchad ont pris part \u00e0 une formation interactive sur l&#8217;int\u00e9gration de la r\u00e9duction des risques de catastrophe et de l&#8217;adaptation au changement climatique dans la prise de d\u00e9cision en mati\u00e8re de d\u00e9veloppement \u00e0 Nouakchott, en Mauritanie, &hellip;<\/p>\n","protected":false},"author":2,"featured_media":0,"comment_status":"open","ping_status":"open","sticky":false,"template":"","format":"standard","meta":{"footnotes":""},"categories":[18,28,19],"tags":[],"class_list":["post-1619","post","type-post","status-publish","format-standard","hentry","category-actualites","category-sahel","category-tribune"],"_links":{"self":[{"href":"https:\/\/ladepeche.mr\/index.php?rest_route=\/wp\/v2\/posts\/1619","targetHints":{"allow":["GET"]}}],"collection":[{"href":"https:\/\/ladepeche.mr\/index.php?rest_route=\/wp\/v2\/posts"}],"about":[{"href":"https:\/\/ladepeche.mr\/index.php?rest_route=\/wp\/v2\/types\/post"}],"author":[{"embeddable":true,"href":"https:\/\/ladepeche.mr\/index.php?rest_route=\/wp\/v2\/users\/2"}],"replies":[{"embeddable":true,"href":"https:\/\/ladepeche.mr\/index.php?rest_route=%2Fwp%2Fv2%2Fcomments&post=1619"}],"version-history":[{"count":1,"href":"https:\/\/ladepeche.mr\/index.php?rest_route=\/wp\/v2\/posts\/1619\/revisions"}],"predecessor-version":[{"id":1620,"href":"https:\/\/ladepeche.mr\/index.php?rest_route=\/wp\/v2\/posts\/1619\/revisions\/1620"}],"wp:attachment":[{"href":"https:\/\/ladepeche.mr\/index.php?rest_route=%2Fwp%2Fv2%2Fmedia&parent=1619"}],"wp:term":[{"taxonomy":"category","embeddable":true,"href":"https:\/\/ladepeche.mr\/index.php?rest_route=%2Fwp%2Fv2%2Fcategories&post=1619"},{"taxonomy":"post_tag","embeddable":true,"href":"https:\/\/ladepeche.mr\/index.php?rest_route=%2Fwp%2Fv2%2Ftags&post=1619"}],"curies":[{"name":"wp","href":"https:\/\/api.w.org\/{rel}","templated":true}]}}