{"id":16198,"date":"2025-06-07T18:19:21","date_gmt":"2025-06-07T18:19:21","guid":{"rendered":"https:\/\/ladepeche.mr\/?p=16198"},"modified":"2025-06-07T18:19:21","modified_gmt":"2025-06-07T18:19:21","slug":"communique-du-bureau-de-presse-de-la-presidence-de-la-republique","status":"publish","type":"post","link":"https:\/\/ladepeche.mr\/?p=16198","title":{"rendered":"Communiqu\u00e9 du bureau de presse de la pr\u00e9sidence de la R\u00e9publique"},"content":{"rendered":"<p>Son Excellence le Pr\u00e9sident de la R\u00e9publique Monsieur Mohamed Ould Cheikh El Ghazouani, a rencontr\u00e9 en t\u00eate-\u00e0-t\u00eate, ce samedi au palais de Mina, Son Altesse Royale le Prince Mohammed ben Salmane ben Abdelaziz Al Saoud, Prince h\u00e9ritier et Pr\u00e9sident du Conseil des Ministres du Royaume d&#8217;Arabie Saoudite.<\/p>\n<p>Son Excellence le Pr\u00e9sident de la R\u00e9publique a exprim\u00e9 son appr\u00e9ciation pour le r\u00f4le crucial jou\u00e9 par le Royaume d&#8217;Arabie Saoudite dans le succ\u00e8s remarquable du p\u00e8lerinage de cette ann\u00e9e, refl\u00e9tant ainsi une volont\u00e9 forte et une vision claire tourn\u00e9e vers l&#8217;avenir afin d&#8217;am\u00e9liorer continuellement les services destin\u00e9s aux p\u00e8lerins des lieux saints. Il a \u00e9galement salu\u00e9 les grandes r\u00e9alisations accomplies par l&#8217;Arabie Saoudite dans le cadre de la Vision 2030 qui s&#8217;est concr\u00e9tis\u00e9e en progr\u00e8s visibles.<\/p>\n<p>Cette rencontre fraternelle a \u00e9galement \u00e9t\u00e9 l&#8217;occasion d&#8217;examiner les relations historiques unissant les deux pays fr\u00e8res, ainsi que les perspectives de coop\u00e9ration bilat\u00e9rale et les moyens de son d\u00e9veloppement dans divers domaines.<\/p>\n<p>La r\u00e9union s&#8217;est \u00e9largie par la suite pour inclure, aux c\u00f4t\u00e9s de Son Excellence le Pr\u00e9sident de la R\u00e9publique, Son Excellence le Ministre Charg\u00e9 du Cabinet du Pr\u00e9sident de la R\u00e9publique Monsieur Nany Ould Chrougha, Son Excellence l&#8217;Ambassadeur de Mauritanie en Arabie Saoudite, Monsieur Mokhtar Ould Dahi, ainsi que Monsieur Ahmed Ould Bah, dit Ahmeida, Conseiller \u00e0 la Pr\u00e9sidence de la R\u00e9publique.<\/p>\n<p>Bureau de presse de la Pr\u00e9sidence de la R\u00e9publique<\/p>\n","protected":false},"excerpt":{"rendered":"<p>Son Excellence le Pr\u00e9sident de la R\u00e9publique Monsieur Mohamed Ould Cheikh El Ghazouani, a rencontr\u00e9 en t\u00eate-\u00e0-t\u00eate, ce samedi au palais de Mina, Son Altesse Royale le Prince Mohammed ben Salmane ben Abdelaziz Al Saoud, Prince h\u00e9ritier et Pr\u00e9sident du Conseil des Ministres du Royaume d&#8217;Arabie Saoudite. Son Excellence le Pr\u00e9sident de la R\u00e9publique a &hellip;<\/p>\n","protected":false},"author":2,"featured_media":16196,"comment_status":"open","ping_status":"open","sticky":false,"template":"","format":"standard","meta":{"footnotes":""},"categories":[18],"tags":[],"class_list":["post-16198","post","type-post","status-publish","format-standard","has-post-thumbnail","hentry","category-actualites"],"_links":{"self":[{"href":"https:\/\/ladepeche.mr\/index.php?rest_route=\/wp\/v2\/posts\/16198","targetHints":{"allow":["GET"]}}],"collection":[{"href":"https:\/\/ladepeche.mr\/index.php?rest_route=\/wp\/v2\/posts"}],"about":[{"href":"https:\/\/ladepeche.mr\/index.php?rest_route=\/wp\/v2\/types\/post"}],"author":[{"embeddable":true,"href":"https:\/\/ladepeche.mr\/index.php?rest_route=\/wp\/v2\/users\/2"}],"replies":[{"embeddable":true,"href":"https:\/\/ladepeche.mr\/index.php?rest_route=%2Fwp%2Fv2%2Fcomments&post=16198"}],"version-history":[{"count":1,"href":"https:\/\/ladepeche.mr\/index.php?rest_route=\/wp\/v2\/posts\/16198\/revisions"}],"predecessor-version":[{"id":16199,"href":"https:\/\/ladepeche.mr\/index.php?rest_route=\/wp\/v2\/posts\/16198\/revisions\/16199"}],"wp:featuredmedia":[{"embeddable":true,"href":"https:\/\/ladepeche.mr\/index.php?rest_route=\/wp\/v2\/media\/16196"}],"wp:attachment":[{"href":"https:\/\/ladepeche.mr\/index.php?rest_route=%2Fwp%2Fv2%2Fmedia&parent=16198"}],"wp:term":[{"taxonomy":"category","embeddable":true,"href":"https:\/\/ladepeche.mr\/index.php?rest_route=%2Fwp%2Fv2%2Fcategories&post=16198"},{"taxonomy":"post_tag","embeddable":true,"href":"https:\/\/ladepeche.mr\/index.php?rest_route=%2Fwp%2Fv2%2Ftags&post=16198"}],"curies":[{"name":"wp","href":"https:\/\/api.w.org\/{rel}","templated":true}]}}