{"id":16201,"date":"2025-06-08T21:19:25","date_gmt":"2025-06-08T21:19:25","guid":{"rendered":"https:\/\/ladepeche.mr\/?p=16201"},"modified":"2025-06-08T21:19:25","modified_gmt":"2025-06-08T21:19:25","slug":"le-rwanda-quitte-la-communaute-economique-des-etats-de-lafrique-centrale","status":"publish","type":"post","link":"https:\/\/ladepeche.mr\/?p=16201","title":{"rendered":"Le Rwanda quitte la Communaut\u00e9 \u00e9conomique des \u00e9tats de l\u2019Afrique centrale"},"content":{"rendered":"<p data-t=\"{&quot;n&quot;:&quot;blueLinks&quot;,&quot;t&quot;:13,&quot;a&quot;:&quot;click&quot;,&quot;b&quot;:76}\"><strong>Les autorit\u00e9s rwandaises d\u00e9noncent &#8221;l&#8217;instrumentalisation de la CEEAC par la RDC&#8221;.<\/strong><\/p>\n<p data-t=\"{&quot;n&quot;:&quot;blueLinks&quot;,&quot;t&quot;:13,&quot;a&quot;:&quot;click&quot;,&quot;b&quot;:76}\"><strong>Le Rwanda\u00a0et la Communaut\u00e9 \u00e9conomique des \u00e9tats de l\u2019Afrique centrale c\u2019est fini. Le pays a annonc\u00e9 son retrait apr\u00e8s le 26 e sommet de l\u2019organisation \u00e0 Malabo, en Guin\u00e9e \u00e9quatoriale.<\/strong><\/p>\n<p data-t=\"{&quot;n&quot;:&quot;blueLinks&quot;,&quot;t&quot;:13,&quot;a&quot;:&quot;click&quot;,&quot;b&quot;:76}\">Les autorit\u00e9s rwandaises justifient leur d\u00e9cision par la non-d\u00e9signation samedi de leur pays \u00e0 la pr\u00e9sidence de la CEEAC.<\/p>\n<p data-t=\"{&quot;n&quot;:&quot;blueLinks&quot;,&quot;t&quot;:13,&quot;a&quot;:&quot;click&quot;,&quot;b&quot;:76}\">Le sommet de Malabo a fait le choix de \u2018\u2019diff\u00e9rer \u00e0 un autre moment le passage de la pr\u00e9sidence en exercice au Rwanda\u2019, souligne le communiqu\u00e9 de la CEEAC. Renouvelant dans la foul\u00e9e le mandat de la Guin\u00e9e \u00e9quatoriale pour un an.<\/p>\n<p class=\"continue-read-break\" data-t=\"{&quot;n&quot;:&quot;blueLinks&quot;,&quot;t&quot;:13,&quot;a&quot;:&quot;click&quot;,&quot;b&quot;:76}\">Pour Kigali ses droits ont \u00e9t\u00e9 ignor\u00e9s en raison de l\u2019instrumentalisation de la communaut\u00e9 \u00e9conomique des \u00e9tats de l\u2019Afrique centrale par la R\u00e9publique d\u00e9mocratique du Congo, avec le soutien de certains \u00e9tats membres.<\/p>\n<p data-t=\"{&quot;n&quot;:&quot;blueLinks&quot;,&quot;t&quot;:13,&quot;a&quot;:&quot;click&quot;,&quot;b&quot;:76}\">La crise entre Kinshasa et Kigali s\u2019est donc invit\u00e9e dans les affaires de cette organisation.<\/p>\n<p data-t=\"{&quot;n&quot;:&quot;blueLinks&quot;,&quot;t&quot;:13,&quot;a&quot;:&quot;click&quot;,&quot;b&quot;:76}\"><a href=\"https:\/\/www.msn.com\/fr-xl\/actualite\/other\/le-rwanda-quitte-la-communaut%C3%A9-%C3%A9conomique-des-%C3%A9tats-de-l-afrique-centrale\/ar-AA1GiBEK?ocid=msedgntp&amp;pc=U531&amp;cvid=eeb7823118b7430abc7829844edf5900&amp;ei=29\">Le Rwanda quitte la Communaut\u00e9 \u00e9conomique des \u00e9tats de l\u2019Afrique centrale<\/a><\/p>\n<div class=\"article-image-slot image-slot-placeholder\" data-doc-id=\"cms\/api\/amp\/image\/AA1Gixge\">\n<div class=\"article-image-slot\">\n<div class=\"article-image-container polished\" data-t=\"{&quot;n&quot;:&quot;OpenModal&quot;,&quot;t&quot;:13,&quot;b&quot;:8,&quot;c.i&quot;:&quot;AA1GiBEK&quot;,&quot;c.l&quot;:false,&quot;c.t&quot;:13,&quot;c.v&quot;:&quot;news&quot;,&quot;c.c&quot;:&quot;others&quot;,&quot;c.b&quot;:&quot;Euronews (Fran\u00e7ais)&quot;,&quot;c.bi&quot;:&quot;AA2qy7x&quot;,&quot;c.tv&quot;:&quot;politics&quot;,&quot;c.tc&quot;:&quot;government&quot;,&quot;c.hl&quot;:&quot;Le Rwanda quitte la Communaut\u00e9 \u00e9conomique des \u00e9tats de l\u2019Afrique centrale&quot;}\" data-test-id=\"AA1Gixge\"><\/div>\n<\/div>\n<\/div>\n","protected":false},"excerpt":{"rendered":"<p>Les autorit\u00e9s rwandaises d\u00e9noncent &#8221;l&#8217;instrumentalisation de la CEEAC par la RDC&#8221;. Le Rwanda\u00a0et la Communaut\u00e9 \u00e9conomique des \u00e9tats de l\u2019Afrique centrale c\u2019est fini. Le pays a annonc\u00e9 son retrait apr\u00e8s le 26 e sommet de l\u2019organisation \u00e0 Malabo, en Guin\u00e9e \u00e9quatoriale. Les autorit\u00e9s rwandaises justifient leur d\u00e9cision par la non-d\u00e9signation samedi de leur pays \u00e0 &hellip;<\/p>\n","protected":false},"author":2,"featured_media":16202,"comment_status":"open","ping_status":"open","sticky":false,"template":"","format":"standard","meta":{"footnotes":""},"categories":[18,29],"tags":[],"class_list":["post-16201","post","type-post","status-publish","format-standard","has-post-thumbnail","hentry","category-actualites","category-monde"],"_links":{"self":[{"href":"https:\/\/ladepeche.mr\/index.php?rest_route=\/wp\/v2\/posts\/16201","targetHints":{"allow":["GET"]}}],"collection":[{"href":"https:\/\/ladepeche.mr\/index.php?rest_route=\/wp\/v2\/posts"}],"about":[{"href":"https:\/\/ladepeche.mr\/index.php?rest_route=\/wp\/v2\/types\/post"}],"author":[{"embeddable":true,"href":"https:\/\/ladepeche.mr\/index.php?rest_route=\/wp\/v2\/users\/2"}],"replies":[{"embeddable":true,"href":"https:\/\/ladepeche.mr\/index.php?rest_route=%2Fwp%2Fv2%2Fcomments&post=16201"}],"version-history":[{"count":1,"href":"https:\/\/ladepeche.mr\/index.php?rest_route=\/wp\/v2\/posts\/16201\/revisions"}],"predecessor-version":[{"id":16203,"href":"https:\/\/ladepeche.mr\/index.php?rest_route=\/wp\/v2\/posts\/16201\/revisions\/16203"}],"wp:featuredmedia":[{"embeddable":true,"href":"https:\/\/ladepeche.mr\/index.php?rest_route=\/wp\/v2\/media\/16202"}],"wp:attachment":[{"href":"https:\/\/ladepeche.mr\/index.php?rest_route=%2Fwp%2Fv2%2Fmedia&parent=16201"}],"wp:term":[{"taxonomy":"category","embeddable":true,"href":"https:\/\/ladepeche.mr\/index.php?rest_route=%2Fwp%2Fv2%2Fcategories&post=16201"},{"taxonomy":"post_tag","embeddable":true,"href":"https:\/\/ladepeche.mr\/index.php?rest_route=%2Fwp%2Fv2%2Ftags&post=16201"}],"curies":[{"name":"wp","href":"https:\/\/api.w.org\/{rel}","templated":true}]}}