{"id":16204,"date":"2025-06-08T21:38:12","date_gmt":"2025-06-08T21:38:12","guid":{"rendered":"https:\/\/ladepeche.mr\/?p=16204"},"modified":"2025-06-08T21:38:12","modified_gmt":"2025-06-08T21:38:12","slug":"les-professionnels-marocains-et-mauritaniens-de-la-peche-sengagent-pour-une-gestion-durable-des-stocks-partages-de-petits-pelagiques","status":"publish","type":"post","link":"https:\/\/ladepeche.mr\/?p=16204","title":{"rendered":"Les professionnels marocains et mauritaniens de la p\u00eache s\u2019engagent pour une gestion durable des stocks partag\u00e9s de petits p\u00e9lagiques"},"content":{"rendered":"<div class=\"node-tpl-ville-accroche\">Dakhla &#8211; La Conf\u00e9d\u00e9ration marocaine des armateurs industriels de la p\u00eache p\u00e9lagique (COMAIP) et la F\u00e9d\u00e9ration nationale de la p\u00eache (FNP) de Mauritanie ont r\u00e9affirm\u00e9, lundi \u00e0 Dakhla, leur engagement commun en faveur d\u2019une gestion durable et concert\u00e9e des stocks partag\u00e9s de petits p\u00e9lagiques.<\/div>\n<div class=\"node-wrapper-img-corps\">\n<div class=\"node-tpl-corps\">\n<p data-t=\"{&quot;n&quot;:&quot;blueLinks&quot;,&quot;t&quot;:13,&quot;a&quot;:&quot;click&quot;,&quot;b&quot;:76}\">Organis\u00e9e sous le th\u00e8me &#8220;Agir ensemble pour demain : l\u2019engagement professionnel pour une gestion durable&#8221;, cette rencontre de deux jours durant s\u2019inscrit dans la continuit\u00e9 de la D\u00e9claration d\u2019intention sign\u00e9e \u00e0 Agadir en f\u00e9vrier dernier et vient renforcer l\u2019Accord de coop\u00e9ration en mati\u00e8re de p\u00eache entre le Royaume du Maroc et la R\u00e9publique Islamique de Mauritanie.<\/p>\n<p data-t=\"{&quot;n&quot;:&quot;blueLinks&quot;,&quot;t&quot;:13,&quot;a&quot;:&quot;click&quot;,&quot;b&quot;:76}\">Ainsi, les d\u00e9bats ont mis en lumi\u00e8re l\u2019importance strat\u00e9gique de ces ressources halieutiques pour la s\u00e9curit\u00e9 alimentaire, le d\u00e9veloppement socio-\u00e9conomique et l\u2019\u00e9quilibre \u00e9cologique des deux pays et de la r\u00e9gion.<\/p>\n<p data-t=\"{&quot;n&quot;:&quot;blueLinks&quot;,&quot;t&quot;:13,&quot;a&quot;:&quot;click&quot;,&quot;b&quot;:76}\">R\u00e9affirmant leur volont\u00e9 de concr\u00e9tiser les objectifs fix\u00e9s par l\u2019accord bilat\u00e9ral, les deux organisations professionnelles ont soulign\u00e9 la n\u00e9cessit\u00e9 d\u2019une gestion \u00e9cosyst\u00e9mique, fond\u00e9e sur les meilleures donn\u00e9es scientifiques disponibles et conforme aux recommandations internationales, notamment la Convention des Nations unies sur le Droit de la Mer (CNUDM) et le Code de conduite de la FAO pour une p\u00eache responsable.<\/p>\n<p data-t=\"{&quot;n&quot;:&quot;blueLinks&quot;,&quot;t&quot;:13,&quot;a&quot;:&quot;click&quot;,&quot;b&quot;:76}\">S\u2019exprimant \u00e0 cette occasion, le pr\u00e9sident de la FNP de Mauritanie, Yahefdhou Elbechir, a soulign\u00e9 que le secteur de la p\u00eache rev\u00eat une importance strat\u00e9gique ind\u00e9niable pour les \u00e9conomies des deux pays.<\/p>\n<p data-t=\"{&quot;n&quot;:&quot;blueLinks&quot;,&quot;t&quot;:13,&quot;a&quot;:&quot;click&quot;,&quot;b&quot;:76}\">Cette rencontre, a-t-il poursuivi, vise \u00e0 poser ensemble les fondements d\u2019une coop\u00e9ration solide, soulignant que son pays compte fortement sur l\u2019expertise et les comp\u00e9tences du Maroc en la mati\u00e8re, en faveur d\u2019une r\u00e9ussite partag\u00e9e.<\/p>\n<p class=\"continue-read-break\" data-t=\"{&quot;n&quot;:&quot;blueLinks&quot;,&quot;t&quot;:13,&quot;a&quot;:&quot;click&quot;,&quot;b&quot;:76}\">Pour sa part, le pr\u00e9sident de la COMAIP, Mohamed Lamine Hormatallah, a indiqu\u00e9 dans une d\u00e9claration \u00e0 la presse que cette rencontre rev\u00eat une importance majeure, en ce sens qu\u2019elle vise \u00e0 renforcer la coop\u00e9ration autour d\u2019enjeux communs, insistant sur la n\u00e9cessit\u00e9 de coordonner les efforts entre les diff\u00e9rents acteurs des deux pays pour assurer la p\u00e9rennit\u00e9 des ressources au b\u00e9n\u00e9fice des g\u00e9n\u00e9rations futures.<\/p>\n<p data-t=\"{&quot;n&quot;:&quot;blueLinks&quot;,&quot;t&quot;:13,&quot;a&quot;:&quot;click&quot;,&quot;b&quot;:76}\">De son c\u00f4t\u00e9, le Secr\u00e9taire g\u00e9n\u00e9ral de la FNP, Mohamed Mahmoud Sadegh, a mis en exergue l\u2019importance de cette rencontre de concertation entre les professionnels de la p\u00eache des deux pays, susceptible de mener une r\u00e9flexion sur des politiques de p\u00eache rationnelle.<\/p>\n<p data-t=\"{&quot;n&quot;:&quot;blueLinks&quot;,&quot;t&quot;:13,&quot;a&quot;:&quot;click&quot;,&quot;b&quot;:76}\">Dans la m\u00eame lign\u00e9e, l\u2019expert senior en gouvernance et \u00e9conomie bleue, Amadou Tall, a relev\u00e9 que cette initiative s\u2019inscrit dans la continuit\u00e9 d\u2019une coop\u00e9ration institutionnelle exemplaire entre les deux pays, qui inspire aujourd\u2019hui les professionnels \u00e0 construire un partenariat solide conform\u00e9ment aux normes internationales.<\/p>\n<div class=\"node-wrapper-img-corps\">\n<div class=\"node-tpl-corps\">\n<p data-t=\"{&quot;n&quot;:&quot;blueLinks&quot;,&quot;t&quot;:13,&quot;a&quot;:&quot;click&quot;,&quot;b&quot;:76}\">De son c\u00f4t\u00e9, le vice-pr\u00e9sident de la COMAIP, Mohammed Zebdi, a estim\u00e9 que cette rencontre constitue un signal d\u2019alerte sur les d\u00e9fis environnementaux, climatiques et humains que traverse le secteur de la p\u00eache maritime, appelant \u00e0 une prise de conscience collective.<\/p>\n<p data-t=\"{&quot;n&quot;:&quot;blueLinks&quot;,&quot;t&quot;:13,&quot;a&quot;:&quot;click&quot;,&quot;b&quot;:76}\">Face aux pressions exerc\u00e9es sur les \u00e9cosyst\u00e8mes halieutiques, les deux parties ont mis en lumi\u00e8re l\u2019urgence de renforcer les m\u00e9canismes de contr\u00f4le et de tra\u00e7abilit\u00e9, tout en soulignant le potentiel d\u2019une coop\u00e9ration accrue entre les deux organisations pour influencer les politiques de gestion, promouvoir des pratiques durables et compl\u00e9ter les efforts gouvernementaux.<\/p>\n<p data-t=\"{&quot;n&quot;:&quot;blueLinks&quot;,&quot;t&quot;:13,&quot;a&quot;:&quot;click&quot;,&quot;b&quot;:76}\">\u00c0 cet effet, la COMAIP et la FNP ont annonc\u00e9 la cr\u00e9ation d\u2019un Comit\u00e9 conjoint charg\u00e9 de faciliter l\u2019\u00e9change d\u2019informations scientifiques, techniques et \u00e9conomiques, de proposer des mesures de gestion harmonis\u00e9es et de promouvoir les pratiques de p\u00eache responsable.<\/p>\n<\/div>\n<\/div>\n<p class=\"\">Provided by SyndiGate Media Inc. (<a href=\"http:\/\/syndigate.info\/\" target=\"_blank\" rel=\"noopener\" data-t=\"{&quot;n&quot;:&quot;destination&quot;,&quot;t&quot;:13,&quot;a&quot;:&quot;click&quot;,&quot;b&quot;:1,&quot;c.t&quot;:7}\">Syndigate.info<\/a>).<\/p>\n<\/div>\n<\/div>\n","protected":false},"excerpt":{"rendered":"<p>Dakhla &#8211; La Conf\u00e9d\u00e9ration marocaine des armateurs industriels de la p\u00eache p\u00e9lagique (COMAIP) et la F\u00e9d\u00e9ration nationale de la p\u00eache (FNP) de Mauritanie ont r\u00e9affirm\u00e9, lundi \u00e0 Dakhla, leur engagement commun en faveur d\u2019une gestion durable et concert\u00e9e des stocks partag\u00e9s de petits p\u00e9lagiques. Organis\u00e9e sous le th\u00e8me &#8220;Agir ensemble pour demain : l\u2019engagement professionnel &hellip;<\/p>\n","protected":false},"author":2,"featured_media":16205,"comment_status":"open","ping_status":"open","sticky":false,"template":"","format":"standard","meta":{"footnotes":""},"categories":[18,2],"tags":[],"class_list":["post-16204","post","type-post","status-publish","format-standard","has-post-thumbnail","hentry","category-actualites","category-economie"],"_links":{"self":[{"href":"https:\/\/ladepeche.mr\/index.php?rest_route=\/wp\/v2\/posts\/16204","targetHints":{"allow":["GET"]}}],"collection":[{"href":"https:\/\/ladepeche.mr\/index.php?rest_route=\/wp\/v2\/posts"}],"about":[{"href":"https:\/\/ladepeche.mr\/index.php?rest_route=\/wp\/v2\/types\/post"}],"author":[{"embeddable":true,"href":"https:\/\/ladepeche.mr\/index.php?rest_route=\/wp\/v2\/users\/2"}],"replies":[{"embeddable":true,"href":"https:\/\/ladepeche.mr\/index.php?rest_route=%2Fwp%2Fv2%2Fcomments&post=16204"}],"version-history":[{"count":1,"href":"https:\/\/ladepeche.mr\/index.php?rest_route=\/wp\/v2\/posts\/16204\/revisions"}],"predecessor-version":[{"id":16206,"href":"https:\/\/ladepeche.mr\/index.php?rest_route=\/wp\/v2\/posts\/16204\/revisions\/16206"}],"wp:featuredmedia":[{"embeddable":true,"href":"https:\/\/ladepeche.mr\/index.php?rest_route=\/wp\/v2\/media\/16205"}],"wp:attachment":[{"href":"https:\/\/ladepeche.mr\/index.php?rest_route=%2Fwp%2Fv2%2Fmedia&parent=16204"}],"wp:term":[{"taxonomy":"category","embeddable":true,"href":"https:\/\/ladepeche.mr\/index.php?rest_route=%2Fwp%2Fv2%2Fcategories&post=16204"},{"taxonomy":"post_tag","embeddable":true,"href":"https:\/\/ladepeche.mr\/index.php?rest_route=%2Fwp%2Fv2%2Ftags&post=16204"}],"curies":[{"name":"wp","href":"https:\/\/api.w.org\/{rel}","templated":true}]}}