{"id":16207,"date":"2025-06-08T21:48:38","date_gmt":"2025-06-08T21:48:38","guid":{"rendered":"https:\/\/ladepeche.mr\/?p=16207"},"modified":"2025-06-08T21:48:38","modified_gmt":"2025-06-08T21:48:38","slug":"etats-unis-trump-deploie-2-000-soldats-a-los-angeles","status":"publish","type":"post","link":"https:\/\/ladepeche.mr\/?p=16207","title":{"rendered":"\u00c9tats-Unis : Trump d\u00e9ploie 2 000 soldats \u00e0 Los Angeles"},"content":{"rendered":"<p data-t=\"{&quot;n&quot;:&quot;blueLinks&quot;,&quot;t&quot;:13,&quot;a&quot;:&quot;click&quot;,&quot;b&quot;:76}\"><strong>La mesure vise \u00e0 &#8221; rem\u00e9dier \u00e0 l&#8217;anarchie&#8221; selon la Maison Blanche, apr\u00e8s des \u00e9meutes anti-expulsion de migrants.<\/strong><\/p>\n<div class=\"article-image-slot image-slot-placeholder\" data-doc-id=\"cms\/api\/amp\/image\/AA1GiI9R\">\n<div class=\"article-image-slot\">\n<div class=\"article-image-container polished\" data-t=\"{&quot;n&quot;:&quot;OpenModal&quot;,&quot;t&quot;:13,&quot;b&quot;:8,&quot;c.i&quot;:&quot;AA1GiVzk&quot;,&quot;c.l&quot;:false,&quot;c.t&quot;:13,&quot;c.v&quot;:&quot;news&quot;,&quot;c.c&quot;:&quot;others&quot;,&quot;c.b&quot;:&quot;Euronews (Fran\u00e7ais)&quot;,&quot;c.bi&quot;:&quot;AA2qy7x&quot;,&quot;c.tv&quot;:&quot;politics&quot;,&quot;c.tc&quot;:&quot;government&quot;,&quot;c.hl&quot;:&quot;\u00c9tats-Unis : Trump d\u00e9ploie 2 000 soldats \u00e0 Los Angeles&quot;}\" data-test-id=\"AA1GiI9R\">\n<p data-t=\"{&quot;n&quot;:&quot;blueLinks&quot;,&quot;t&quot;:13,&quot;a&quot;:&quot;click&quot;,&quot;b&quot;:76}\"><strong>Au moins 2 000 soldats de la Garde Nationale de Californie vont \u00eatre\u00a0d\u00e9ploy\u00e9s \u00e0 Los Angeles a annonc\u00e9 la Maison Blanche.<\/strong><\/p>\n<p data-t=\"{&quot;n&quot;:&quot;blueLinks&quot;,&quot;t&quot;:13,&quot;a&quot;:&quot;click&quot;,&quot;b&quot;:76}\">La d\u00e9cision du pr\u00e9sident am\u00e9ricain annonc\u00e9 samedi par la Maison Blanche intervient au deuxi\u00e8me jour d\u2019affrontements entre les autorit\u00e9s f\u00e9d\u00e9rales de l\u2019immigration et les manifestants oppos\u00e9s aux expulsions de migrants.<\/p>\n<p data-t=\"{&quot;n&quot;:&quot;blueLinks&quot;,&quot;t&quot;:13,&quot;a&quot;:&quot;click&quot;,&quot;b&quot;:76}\">Les heurts ont d\u00e9but\u00e9 vendredi, \u00e0 Paramount, au sud de \u00a0\u00a0 Los Angeles o\u00f9 r\u00e9side une forte communaut\u00e9 latino. Apr\u00e8s les op\u00e9rations de ratissage des services de l\u2019immigration.<\/p>\n<p data-t=\"{&quot;n&quot;:&quot;blueLinks&quot;,&quot;t&quot;:13,&quot;a&quot;:&quot;click&quot;,&quot;b&quot;:76}\">Aux gaz lacrymog\u00e8nes, les anti-expulsion ripostent par des projectiles lanc\u00e9s en direction des v\u00e9hicules de la police. Des manifestants qui exasp\u00e9r\u00e9s par la terreur que s\u00e8ment les op\u00e9rations d\u2019expulsion dans leurs communaut\u00e9s.<\/p>\n<p class=\"continue-read-break\" data-t=\"{&quot;n&quot;:&quot;blueLinks&quot;,&quot;t&quot;:13,&quot;a&quot;:&quot;click&quot;,&quot;b&quot;:76}\">L\u2019administration Trump a donc choisi de sortir des \u00e9l\u00e9ments de la Garde Nationale\u00a0pour \u2018\u2019 rem\u00e9dier \u00e0 l\u2019anarchie\u2019\u2019 selon ses mots.<\/p>\n<p data-t=\"{&quot;n&quot;:&quot;blueLinks&quot;,&quot;t&quot;:13,&quot;a&quot;:&quot;click&quot;,&quot;b&quot;:76}\">Le gouverneur de la l\u2019Etat de Californie s\u2019oppose \u00e0 la mesure qui a ses yeux ne fera qu\u2019exacerber les tensions. Alors que le ministre am\u00e9ricain de la d\u00e9fense menace de faire appel \u00e0 l\u2019arm\u00e9e.<\/p>\n<p data-t=\"{&quot;n&quot;:&quot;blueLinks&quot;,&quot;t&quot;:13,&quot;a&quot;:&quot;click&quot;,&quot;b&quot;:76}\">Dimanche matin, la Garde Nationale n\u2019\u00e9tais pas encore sur le terrain \u00e0 Los Angeles selon le sh\u00e9rif de la ville.<\/p>\n<p data-t=\"{&quot;n&quot;:&quot;blueLinks&quot;,&quot;t&quot;:13,&quot;a&quot;:&quot;click&quot;,&quot;b&quot;:76}\"><a href=\"https:\/\/www.msn.com\/fr-xl\/actualite\/other\/%C3%A9tats-unis-trump-d%C3%A9ploie-2-000-soldats-%C3%A0-los-angeles\/ar-AA1GiVzk?ocid=msedgntp&amp;pc=U531&amp;cvid=50ee15e6a8e540f29253e6cdf83d5fa8&amp;ei=44\">\u00c9tats-Unis : Trump d\u00e9ploie 2 000 soldats \u00e0 Los Angeles<\/a><\/p>\n<\/div>\n<\/div>\n<\/div>\n","protected":false},"excerpt":{"rendered":"<p>La mesure vise \u00e0 &#8221; rem\u00e9dier \u00e0 l&#8217;anarchie&#8221; selon la Maison Blanche, apr\u00e8s des \u00e9meutes anti-expulsion de migrants. Au moins 2 000 soldats de la Garde Nationale de Californie vont \u00eatre\u00a0d\u00e9ploy\u00e9s \u00e0 Los Angeles a annonc\u00e9 la Maison Blanche. La d\u00e9cision du pr\u00e9sident am\u00e9ricain annonc\u00e9 samedi par la Maison Blanche intervient au deuxi\u00e8me jour d\u2019affrontements &hellip;<\/p>\n","protected":false},"author":2,"featured_media":16208,"comment_status":"open","ping_status":"open","sticky":false,"template":"","format":"standard","meta":{"footnotes":""},"categories":[18,29],"tags":[],"class_list":["post-16207","post","type-post","status-publish","format-standard","has-post-thumbnail","hentry","category-actualites","category-monde"],"_links":{"self":[{"href":"https:\/\/ladepeche.mr\/index.php?rest_route=\/wp\/v2\/posts\/16207","targetHints":{"allow":["GET"]}}],"collection":[{"href":"https:\/\/ladepeche.mr\/index.php?rest_route=\/wp\/v2\/posts"}],"about":[{"href":"https:\/\/ladepeche.mr\/index.php?rest_route=\/wp\/v2\/types\/post"}],"author":[{"embeddable":true,"href":"https:\/\/ladepeche.mr\/index.php?rest_route=\/wp\/v2\/users\/2"}],"replies":[{"embeddable":true,"href":"https:\/\/ladepeche.mr\/index.php?rest_route=%2Fwp%2Fv2%2Fcomments&post=16207"}],"version-history":[{"count":1,"href":"https:\/\/ladepeche.mr\/index.php?rest_route=\/wp\/v2\/posts\/16207\/revisions"}],"predecessor-version":[{"id":16209,"href":"https:\/\/ladepeche.mr\/index.php?rest_route=\/wp\/v2\/posts\/16207\/revisions\/16209"}],"wp:featuredmedia":[{"embeddable":true,"href":"https:\/\/ladepeche.mr\/index.php?rest_route=\/wp\/v2\/media\/16208"}],"wp:attachment":[{"href":"https:\/\/ladepeche.mr\/index.php?rest_route=%2Fwp%2Fv2%2Fmedia&parent=16207"}],"wp:term":[{"taxonomy":"category","embeddable":true,"href":"https:\/\/ladepeche.mr\/index.php?rest_route=%2Fwp%2Fv2%2Fcategories&post=16207"},{"taxonomy":"post_tag","embeddable":true,"href":"https:\/\/ladepeche.mr\/index.php?rest_route=%2Fwp%2Fv2%2Ftags&post=16207"}],"curies":[{"name":"wp","href":"https:\/\/api.w.org\/{rel}","templated":true}]}}