{"id":16215,"date":"2025-06-10T09:46:33","date_gmt":"2025-06-10T09:46:33","guid":{"rendered":"https:\/\/ladepeche.mr\/?p=16215"},"modified":"2025-06-10T09:46:33","modified_gmt":"2025-06-10T09:46:33","slug":"focac-ould-bouh-se-rend-en-chine","status":"publish","type":"post","link":"https:\/\/ladepeche.mr\/?p=16215","title":{"rendered":"FOCAC: Ould Bouh se rend en Chine"},"content":{"rendered":"<p class=\"p1\" style=\"text-align: left;\">Le ministre mauritanien de l\u2019\u00c9conomie et des Finances, Sid&#8217;Ahmed Ould Bouh, s\u2019est envol\u00e9 lundi \u00e0 destination de la R\u00e9publique populaire de Chine o\u00f9 il devrait participer \u00e0 la r\u00e9union minist\u00e9rielle des coordinateurs charg\u00e9s du suivi des recommandations du Forum sur la coop\u00e9ration sino-africaine (FOCAC).<\/p>\n<p class=\"p1\"><span class=\"s1\">La rencontre est pr\u00e9vue \u00e0 Changsha, dans la province du Hunan, du 10 au 12 juin 2025 et co\u00efncide avec le 25\u1d49 anniversaire de la cr\u00e9ation du FOCAC.<\/span><\/p>\n<p class=\"p1\"><span class=\"s1\">A la t\u00eate d\u2019une importante d\u00e9l\u00e9gation de son d\u00e9partement, Ould Bouh en profitera pour tenter d\u2019impulser encore davantage la coop\u00e9ration et les m\u00e9canismes de coop\u00e9ration \u00e9conomique entre notre pays et la Chine. <\/span><\/p>\n<p class=\"p1\"><span class=\"s1\">A noter que la ville de Changsha accueillera,<span class=\"Apple-converted-space\">\u00a0 <\/span>d\u2019un autre c\u00f4t\u00e9, du 12 au 15 juin, la quatri\u00e8me \u00e9dition de l\u2019Exposition \u00e9conomique et commerciale sino-africaine, \u00e0 laquelle assistera la d\u00e9l\u00e9gation mauritanienne. \u00ab\u00a0L&#8217;\u00e9v\u00e9nement constituera une plateforme privil\u00e9gi\u00e9e pour intensifier les \u00e9changes commerciaux et investissements\u00a0\u00bb souligne une source officielle qui note que Mauritanie entend capter des investissements chinois sp\u00e9cifiques afin de \u00ab\u00a0d\u00e9velopper un partenariat strat\u00e9gique dans les secteurs des infrastructures, de l\u2019\u00e9nergie et des mines.\u00a0\u00bb.<\/span><\/p>\n<p class=\"p1\"><span class=\"s1\">La Mauritanie et la Chine entretiennent des relations de coop\u00e9ration qualifi\u00e9es d\u2019exemplaires aussi bien au plan bilat\u00e9ral que multilat\u00e9ral.<\/span><\/p>\n","protected":false},"excerpt":{"rendered":"<p>Le ministre mauritanien de l\u2019\u00c9conomie et des Finances, Sid&#8217;Ahmed Ould Bouh, s\u2019est envol\u00e9 lundi \u00e0 destination de la R\u00e9publique populaire de Chine o\u00f9 il devrait participer \u00e0 la r\u00e9union minist\u00e9rielle des coordinateurs charg\u00e9s du suivi des recommandations du Forum sur la coop\u00e9ration sino-africaine (FOCAC). La rencontre est pr\u00e9vue \u00e0 Changsha, dans la province du Hunan, &hellip;<\/p>\n","protected":false},"author":2,"featured_media":16217,"comment_status":"open","ping_status":"open","sticky":false,"template":"","format":"standard","meta":{"footnotes":""},"categories":[18,2],"tags":[],"class_list":["post-16215","post","type-post","status-publish","format-standard","has-post-thumbnail","hentry","category-actualites","category-economie"],"_links":{"self":[{"href":"https:\/\/ladepeche.mr\/index.php?rest_route=\/wp\/v2\/posts\/16215","targetHints":{"allow":["GET"]}}],"collection":[{"href":"https:\/\/ladepeche.mr\/index.php?rest_route=\/wp\/v2\/posts"}],"about":[{"href":"https:\/\/ladepeche.mr\/index.php?rest_route=\/wp\/v2\/types\/post"}],"author":[{"embeddable":true,"href":"https:\/\/ladepeche.mr\/index.php?rest_route=\/wp\/v2\/users\/2"}],"replies":[{"embeddable":true,"href":"https:\/\/ladepeche.mr\/index.php?rest_route=%2Fwp%2Fv2%2Fcomments&post=16215"}],"version-history":[{"count":2,"href":"https:\/\/ladepeche.mr\/index.php?rest_route=\/wp\/v2\/posts\/16215\/revisions"}],"predecessor-version":[{"id":16218,"href":"https:\/\/ladepeche.mr\/index.php?rest_route=\/wp\/v2\/posts\/16215\/revisions\/16218"}],"wp:featuredmedia":[{"embeddable":true,"href":"https:\/\/ladepeche.mr\/index.php?rest_route=\/wp\/v2\/media\/16217"}],"wp:attachment":[{"href":"https:\/\/ladepeche.mr\/index.php?rest_route=%2Fwp%2Fv2%2Fmedia&parent=16215"}],"wp:term":[{"taxonomy":"category","embeddable":true,"href":"https:\/\/ladepeche.mr\/index.php?rest_route=%2Fwp%2Fv2%2Fcategories&post=16215"},{"taxonomy":"post_tag","embeddable":true,"href":"https:\/\/ladepeche.mr\/index.php?rest_route=%2Fwp%2Fv2%2Ftags&post=16215"}],"curies":[{"name":"wp","href":"https:\/\/api.w.org\/{rel}","templated":true}]}}