{"id":16222,"date":"2025-06-10T12:57:30","date_gmt":"2025-06-10T12:57:30","guid":{"rendered":"https:\/\/ladepeche.mr\/?p=16222"},"modified":"2025-06-10T12:57:30","modified_gmt":"2025-06-10T12:57:30","slug":"usa-immigration-plusieurs-arrestations-lors-des-emeutes-anti-expulsions-a-los-angeles","status":"publish","type":"post","link":"https:\/\/ladepeche.mr\/?p=16222","title":{"rendered":"USA\/Immigration: Plusieurs arrestations lors des \u00e9meutes anti-expulsions \u00e0 Los Angeles"},"content":{"rendered":"<p data-t=\"{&quot;n&quot;:&quot;blueLinks&quot;,&quot;t&quot;:13,&quot;a&quot;:&quot;click&quot;,&quot;b&quot;:76}\"><strong>Une trentaine de personnes ont \u00e9t\u00e9 arr\u00eat\u00e9es lors des \u00e9meutes qui ont \u00e9clat\u00e9 durant le weekend dernier dans la ville de Los Angeles en Californie (ouest des Etats-Unis) protestant contre l\u2019expulsion des immigr\u00e9s ill\u00e9gaux.<\/strong><\/p>\n<p data-t=\"{&quot;n&quot;:&quot;blueLinks&quot;,&quot;t&quot;:13,&quot;a&quot;:&quot;click&quot;,&quot;b&quot;:76}\">Les manifestations ont d\u00e9but\u00e9 vendredi dans cette ville, qui compte l\u2019une des plus larges communaut\u00e9s d\u2019immigr\u00e9s aux Etats-Unis, en protestation contre les descentes des agents f\u00e9d\u00e9raux de la police de l\u2019immigration (ICE).<\/p>\n<p data-t=\"{&quot;n&quot;:&quot;blueLinks&quot;,&quot;t&quot;:13,&quot;a&quot;:&quot;click&quot;,&quot;b&quot;:76}\">Selon Jim McDonnell, chef de la police de Los Angeles, les forces de l\u2019ordre ont arr\u00eat\u00e9, jusqu\u2019\u00e0 dimanche soir, \u00ab\u00a0plus de 10 personnes\u00a0\u00bb. La California Highway Patrol (police des autoroutes) a arr\u00eat\u00e9 17 personnes, a-t-il d\u00e9clar\u00e9 sur les r\u00e9seaux sociaux.<\/p>\n<p data-t=\"{&quot;n&quot;:&quot;blueLinks&quot;,&quot;t&quot;:13,&quot;a&quot;:&quot;click&quot;,&quot;b&quot;:76}\">Samedi, au deuxi\u00e8me jour des manifestations, le pr\u00e9sident Donald Trump a ordonn\u00e9 le d\u00e9ploiement de quelque 2000 \u00e9l\u00e9ments de la Garde nationale. Ce d\u00e9ploiement vise \u00e0 \u201crem\u00e9dier \u00e0 l\u2019anarchie qu\u2019on a laiss\u00e9 prosp\u00e9rer\u00a0\u00bb, a expliqu\u00e9 la porte-parole de la Maison Blanche, Karoline Leavitt.<\/p>\n<p data-t=\"{&quot;n&quot;:&quot;blueLinks&quot;,&quot;t&quot;:13,&quot;a&quot;:&quot;click&quot;,&quot;b&quot;:76}\">Cette d\u00e9cision a \u00e9t\u00e9 d\u00e9cri\u00e9e par le gouverneur d\u00e9mocrate de la Californie, Gavin Newsom, qui y a vu une \u201catteinte \u00e0 la souverainet\u00e9 de l\u2019Etat\u201d visant, a-t-il affirm\u00e9 sur le r\u00e9seau X, \u00e0 \u201csemer le chaos et la violence\u201d.<\/p>\n<p class=\"continue-read-break\" data-t=\"{&quot;n&quot;:&quot;blueLinks&quot;,&quot;t&quot;:13,&quot;a&quot;:&quot;click&quot;,&quot;b&quot;:76}\">Pour sa part, la maire de Los Angeles, Karen Bass, \u00e9galement d\u00e9mocrate, a qualifi\u00e9 ce d\u00e9ploiement de \u201cdangereuse escalade\u201d, tout en d\u00e9non\u00e7ant les descentes des agents de l\u2019ICE, qui s\u00e8ment, selon elle, \u201cun sentiment de peur et de chaos dans notre ville\u201d.<\/p>\n<p data-t=\"{&quot;n&quot;:&quot;blueLinks&quot;,&quot;t&quot;:13,&quot;a&quot;:&quot;click&quot;,&quot;b&quot;:76}\">Lundi, le gouverneur Newsome a annonc\u00e9 sur les r\u00e9seaux sociaux que l\u2019\u00c9tat de Californie compte \u201cintenter une action\u201d en justice pour contester l\u2019ordre du pr\u00e9sident Trump de d\u00e9ployer les forces de la Garde nationale.<\/p>\n<p data-t=\"{&quot;n&quot;:&quot;blueLinks&quot;,&quot;t&quot;:13,&quot;a&quot;:&quot;click&quot;,&quot;b&quot;:76}\">Selon les m\u00e9dias, il s\u2019agit de la premi\u00e8re fois depuis 1965 que la Garde nationale est d\u00e9ploy\u00e9e dans un \u00c9tat sans la demande du gouverneur de celui-ci.<\/p>\n<p data-t=\"{&quot;n&quot;:&quot;blueLinks&quot;,&quot;t&quot;:13,&quot;a&quot;:&quot;click&quot;,&quot;b&quot;:76}\">Les \u00e9meutes de ce weekend interviennent suite \u00e0 l\u2019arrestation par les agents de la police de l\u2019immigration, au cours de la semaine, de plus de 100 immigr\u00e9s ill\u00e9gaux qui feront face aux proc\u00e9dures d\u2019expulsion.<\/p>\n<p data-t=\"{&quot;n&quot;:&quot;blueLinks&quot;,&quot;t&quot;:13,&quot;a&quot;:&quot;click&quot;,&quot;b&quot;:76}\">The post\u00a0<a href=\"https:\/\/fr.hespress.com\/428056-usa-immigration-plusieurs-arrestations-lors-des-emeutes-anti-expulsions-a-los-angeles.html\" target=\"_blank\" rel=\"noopener\" data-t=\"{&quot;n&quot;:&quot;destination&quot;,&quot;t&quot;:13,&quot;a&quot;:&quot;click&quot;,&quot;b&quot;:1,&quot;c.t&quot;:7}\">USA\/Immigration: Plusieurs arrestations lors des \u00e9meutes anti-expulsions \u00e0 Los Angeles<\/a><\/p>\n","protected":false},"excerpt":{"rendered":"<p>Une trentaine de personnes ont \u00e9t\u00e9 arr\u00eat\u00e9es lors des \u00e9meutes qui ont \u00e9clat\u00e9 durant le weekend dernier dans la ville de Los Angeles en Californie (ouest des Etats-Unis) protestant contre l\u2019expulsion des immigr\u00e9s ill\u00e9gaux. Les manifestations ont d\u00e9but\u00e9 vendredi dans cette ville, qui compte l\u2019une des plus larges communaut\u00e9s d\u2019immigr\u00e9s aux Etats-Unis, en protestation contre &hellip;<\/p>\n","protected":false},"author":2,"featured_media":16223,"comment_status":"open","ping_status":"open","sticky":false,"template":"","format":"standard","meta":{"footnotes":""},"categories":[18,29],"tags":[],"class_list":["post-16222","post","type-post","status-publish","format-standard","has-post-thumbnail","hentry","category-actualites","category-monde"],"_links":{"self":[{"href":"https:\/\/ladepeche.mr\/index.php?rest_route=\/wp\/v2\/posts\/16222","targetHints":{"allow":["GET"]}}],"collection":[{"href":"https:\/\/ladepeche.mr\/index.php?rest_route=\/wp\/v2\/posts"}],"about":[{"href":"https:\/\/ladepeche.mr\/index.php?rest_route=\/wp\/v2\/types\/post"}],"author":[{"embeddable":true,"href":"https:\/\/ladepeche.mr\/index.php?rest_route=\/wp\/v2\/users\/2"}],"replies":[{"embeddable":true,"href":"https:\/\/ladepeche.mr\/index.php?rest_route=%2Fwp%2Fv2%2Fcomments&post=16222"}],"version-history":[{"count":1,"href":"https:\/\/ladepeche.mr\/index.php?rest_route=\/wp\/v2\/posts\/16222\/revisions"}],"predecessor-version":[{"id":16224,"href":"https:\/\/ladepeche.mr\/index.php?rest_route=\/wp\/v2\/posts\/16222\/revisions\/16224"}],"wp:featuredmedia":[{"embeddable":true,"href":"https:\/\/ladepeche.mr\/index.php?rest_route=\/wp\/v2\/media\/16223"}],"wp:attachment":[{"href":"https:\/\/ladepeche.mr\/index.php?rest_route=%2Fwp%2Fv2%2Fmedia&parent=16222"}],"wp:term":[{"taxonomy":"category","embeddable":true,"href":"https:\/\/ladepeche.mr\/index.php?rest_route=%2Fwp%2Fv2%2Fcategories&post=16222"},{"taxonomy":"post_tag","embeddable":true,"href":"https:\/\/ladepeche.mr\/index.php?rest_route=%2Fwp%2Fv2%2Ftags&post=16222"}],"curies":[{"name":"wp","href":"https:\/\/api.w.org\/{rel}","templated":true}]}}