{"id":16225,"date":"2025-06-10T13:30:07","date_gmt":"2025-06-10T13:30:07","guid":{"rendered":"https:\/\/ladepeche.mr\/?p=16225"},"modified":"2025-06-10T13:04:08","modified_gmt":"2025-06-10T13:04:08","slug":"onu-macron-plaide-pour-une-ratification-urgente-du-traite-sur-la-haute-mer","status":"publish","type":"post","link":"https:\/\/ladepeche.mr\/?p=16225","title":{"rendered":"ONU : Macron plaide pour une ratification urgente du Trait\u00e9 sur la haute mer"},"content":{"rendered":"<p data-t=\"{&quot;n&quot;:&quot;blueLinks&quot;,&quot;t&quot;:13,&quot;a&quot;:&quot;click&quot;,&quot;b&quot;:76}\"><strong>\u00c0 l\u2019ouverture de la Conf\u00e9rence des Nations Unies sur l\u2019Oc\u00e9an, Emmanuel Macron a appel\u00e9 les \u00c9tats \u00e0 ratifier d\u2019urgence le Trait\u00e9 sur la haute mer, un accord historique adopt\u00e9 en 2023 pour prot\u00e9ger les \u00e9cosyst\u00e8mes au-del\u00e0 des juridictions nationales.<\/strong><\/p>\n<div class=\"article-image-slot image-slot-placeholder\" data-doc-id=\"cms\/api\/amp\/image\/AA1GnbwK\">\n<div class=\"article-image-slot\">\n<div class=\"article-image-container polished\" data-t=\"{&quot;n&quot;:&quot;OpenModal&quot;,&quot;t&quot;:13,&quot;b&quot;:8,&quot;c.i&quot;:&quot;AA1GnirE&quot;,&quot;c.l&quot;:false,&quot;c.t&quot;:13,&quot;c.v&quot;:&quot;news&quot;,&quot;c.c&quot;:&quot;others&quot;,&quot;c.b&quot;:&quot;Euronews (Fran\u00e7ais)&quot;,&quot;c.bi&quot;:&quot;AA2qy7x&quot;,&quot;c.tv&quot;:&quot;politics&quot;,&quot;c.tc&quot;:&quot;government&quot;,&quot;c.hl&quot;:&quot;ONU : Macron plaide pour une ratification urgente du Trait\u00e9 sur la haute mer&quot;}\" data-test-id=\"AA1GnbwK\">\n<p data-t=\"{&quot;n&quot;:&quot;blueLinks&quot;,&quot;t&quot;:13,&quot;a&quot;:&quot;click&quot;,&quot;b&quot;:76}\"><strong>En ouverture de la troisi\u00e8me Conf\u00e9rence des Nations Unies sur l\u2019Oc\u00e9an (UNOC3), Emmanuel Macron a fait de la ratification rapide du Trait\u00e9 sur la haute mer l\u2019un des axes centraux de son discours.<\/strong><\/p>\n<p data-t=\"{&quot;n&quot;:&quot;blueLinks&quot;,&quot;t&quot;:13,&quot;a&quot;:&quot;click&quot;,&quot;b&quot;:76}\">Le pr\u00e9sident fran\u00e7ais appelle les \u00c9tats \u00e0 transformer les engagements diplomatiques en protections concr\u00e8tes pour les \u00e9cosyst\u00e8mes marins situ\u00e9s au-del\u00e0 des juridictions nationales.<\/p>\n<p data-t=\"{&quot;n&quot;:&quot;blueLinks&quot;,&quot;t&quot;:13,&quot;a&quot;:&quot;click&quot;,&quot;b&quot;:76}\">\u00ab\u202fCe trait\u00e9 sera bien mis en \u0153uvre\u202f\u00bb, a-t-il martel\u00e9 devant les repr\u00e9sentants de plus de 120 pays r\u00e9unis \u00e0 Nice. Ce texte, juridiquement contraignant, vise \u00e0 encadrer la conservation et l\u2019utilisation durable de la biodiversit\u00e9 en haute mer, un espace repr\u00e9sentant pr\u00e8s de 60\u202f% des oc\u00e9ans, encore largement d\u00e9pourvu de r\u00e8gles contraignantes.<\/p>\n<h2 class=\"article-sub-heading\"><strong>Un accord in\u00e9dit, en attente d\u2019entr\u00e9e en vigueur<\/strong><\/h2>\n<p data-t=\"{&quot;n&quot;:&quot;blueLinks&quot;,&quot;t&quot;:13,&quot;a&quot;:&quot;click&quot;,&quot;b&quot;:76}\">Adopt\u00e9 en 2023 apr\u00e8s pr\u00e8s de deux d\u00e9cennies de n\u00e9gociations, le Trait\u00e9 sur la haute mer \u2014 ou Accord BBNJ (Biodiversity Beyond National Jurisdiction) \u2014 pr\u00e9voit notamment la cr\u00e9ation d\u2019aires marines prot\u00e9g\u00e9es en haute mer, des \u00e9valuations d\u2019impact environnemental pour les activit\u00e9s humaines, ainsi qu\u2019un partage \u00e9quitable des b\u00e9n\u00e9fices issus des ressources g\u00e9n\u00e9tiques marines.<\/p>\n<p class=\"continue-read-break\" data-t=\"{&quot;n&quot;:&quot;blueLinks&quot;,&quot;t&quot;:13,&quot;a&quot;:&quot;click&quot;,&quot;b&quot;:76}\">Mais pour entrer en vigueur, l\u2019accord doit \u00eatre ratifi\u00e9 par au moins 60 \u00c9tats. \u00c0 ce jour, seuls une cinquantaine de pays ont franchi ce cap. La France, qui a d\u00e9pos\u00e9 son instrument de ratification en f\u00e9vrier dernier, pousse pour que le seuil soit atteint avant la fin de l\u2019ann\u00e9e.<\/p>\n<p data-t=\"{&quot;n&quot;:&quot;blueLinks&quot;,&quot;t&quot;:13,&quot;a&quot;:&quot;click&quot;,&quot;b&quot;:76}\">\u00ab\u202fNous avons le devoir de nous mobiliser parce que la science est claire et que les faits sont l\u00e0\u00bb, a insist\u00e9 Emmanuel Macron.<\/p>\n<h2 class=\"article-sub-heading\"><strong>Une dynamique \u00e0 concr\u00e9tiser<\/strong><\/h2>\n<p data-t=\"{&quot;n&quot;:&quot;blueLinks&quot;,&quot;t&quot;:13,&quot;a&quot;:&quot;click&quot;,&quot;b&quot;:76}\">En accueillant cette conf\u00e9rence internationale, la France cherche \u00e0 donner une impulsion d\u00e9cisive. Plusieurs pays, notamment en Am\u00e9rique latine et en Afrique, ont r\u00e9cemment annonc\u00e9 leur intention de ratifier. La pr\u00e9sidence fran\u00e7aise esp\u00e8re transformer cet \u00e9lan en majorit\u00e9 qualifi\u00e9e d\u2019ici la fin 2025, afin de rendre le trait\u00e9 effectif et juridiquement applicable.<\/p>\n<p data-t=\"{&quot;n&quot;:&quot;blueLinks&quot;,&quot;t&quot;:13,&quot;a&quot;:&quot;click&quot;,&quot;b&quot;:76}\">Dans le m\u00eame esprit, Emmanuel Macron a pr\u00e9sent\u00e9 un plan national pour la protection des fonds marins fran\u00e7ais, incluant la cartographie des zones les plus sensibles \u2014 herbiers marins, canyons sous-marins \u2014 qui seront d\u00e9sormais class\u00e9es en zones de protection forte. Certaines activit\u00e9s comme le chalutage de fond et l\u2019exploitation mini\u00e8re y seront interdites ou strictement encadr\u00e9es.<\/p>\n<h2 class=\"article-sub-heading\"><strong>L\u2019absence des \u00c9tats-Unis, l\u2019urgence du multilat\u00e9ralisme<\/strong><\/h2>\n<p data-t=\"{&quot;n&quot;:&quot;blueLinks&quot;,&quot;t&quot;:13,&quot;a&quot;:&quot;click&quot;,&quot;b&quot;:76}\">L\u2019absence de d\u00e9l\u00e9gation am\u00e9ricaine \u00e0 Nice, cons\u00e9quence du retrait des \u00c9tats-Unis de plusieurs engagements climatiques sous l\u2019\u00e8re Trump, a soulign\u00e9 les fractures g\u00e9opolitiques persistantes. Pourtant, face aux d\u00e9fis globaux que repr\u00e9sentent le r\u00e9chauffement climatique, la pollution plastique ou la surexploitation des ressources marines, la coop\u00e9ration internationale demeure indispensable.<\/p>\n<p data-t=\"{&quot;n&quot;:&quot;blueLinks&quot;,&quot;t&quot;:13,&quot;a&quot;:&quot;click&quot;,&quot;b&quot;:76}\">La conf\u00e9rence de Nice, qui se tient jusqu\u2019au 13 juin, doit aboutir \u00e0 une s\u00e9rie de recommandations et d\u2019engagements, qui seront port\u00e9s \u00e0 l\u2019Assembl\u00e9e g\u00e9n\u00e9rale des Nations Unies \u00e0 New York en juillet.<\/p>\n<p data-t=\"{&quot;n&quot;:&quot;blueLinks&quot;,&quot;t&quot;:13,&quot;a&quot;:&quot;click&quot;,&quot;b&quot;:76}\"><a href=\"https:\/\/www.msn.com\/fr-xl\/actualite\/other\/onu-macron-plaide-pour-une-ratification-urgente-du-trait%C3%A9-sur-la-haute-mer\/ar-AA1GnirE?ocid=msedgntp&amp;pc=U531&amp;cvid=ab9931c6686148908b30b440ce56197a&amp;ei=89\">ONU : Macron plaide pour une ratification urgente du Trait\u00e9 sur la haute mer<\/a><\/p>\n<\/div>\n<\/div>\n<\/div>\n","protected":false},"excerpt":{"rendered":"<p>\u00c0 l\u2019ouverture de la Conf\u00e9rence des Nations Unies sur l\u2019Oc\u00e9an, Emmanuel Macron a appel\u00e9 les \u00c9tats \u00e0 ratifier d\u2019urgence le Trait\u00e9 sur la haute mer, un accord historique adopt\u00e9 en 2023 pour prot\u00e9ger les \u00e9cosyst\u00e8mes au-del\u00e0 des juridictions nationales. En ouverture de la troisi\u00e8me Conf\u00e9rence des Nations Unies sur l\u2019Oc\u00e9an (UNOC3), Emmanuel Macron a fait &hellip;<\/p>\n","protected":false},"author":2,"featured_media":16226,"comment_status":"open","ping_status":"open","sticky":false,"template":"","format":"standard","meta":{"footnotes":""},"categories":[18,21,29],"tags":[],"class_list":["post-16225","post","type-post","status-publish","format-standard","has-post-thumbnail","hentry","category-actualites","category-fluctuations","category-monde"],"_links":{"self":[{"href":"https:\/\/ladepeche.mr\/index.php?rest_route=\/wp\/v2\/posts\/16225","targetHints":{"allow":["GET"]}}],"collection":[{"href":"https:\/\/ladepeche.mr\/index.php?rest_route=\/wp\/v2\/posts"}],"about":[{"href":"https:\/\/ladepeche.mr\/index.php?rest_route=\/wp\/v2\/types\/post"}],"author":[{"embeddable":true,"href":"https:\/\/ladepeche.mr\/index.php?rest_route=\/wp\/v2\/users\/2"}],"replies":[{"embeddable":true,"href":"https:\/\/ladepeche.mr\/index.php?rest_route=%2Fwp%2Fv2%2Fcomments&post=16225"}],"version-history":[{"count":1,"href":"https:\/\/ladepeche.mr\/index.php?rest_route=\/wp\/v2\/posts\/16225\/revisions"}],"predecessor-version":[{"id":16227,"href":"https:\/\/ladepeche.mr\/index.php?rest_route=\/wp\/v2\/posts\/16225\/revisions\/16227"}],"wp:featuredmedia":[{"embeddable":true,"href":"https:\/\/ladepeche.mr\/index.php?rest_route=\/wp\/v2\/media\/16226"}],"wp:attachment":[{"href":"https:\/\/ladepeche.mr\/index.php?rest_route=%2Fwp%2Fv2%2Fmedia&parent=16225"}],"wp:term":[{"taxonomy":"category","embeddable":true,"href":"https:\/\/ladepeche.mr\/index.php?rest_route=%2Fwp%2Fv2%2Fcategories&post=16225"},{"taxonomy":"post_tag","embeddable":true,"href":"https:\/\/ladepeche.mr\/index.php?rest_route=%2Fwp%2Fv2%2Ftags&post=16225"}],"curies":[{"name":"wp","href":"https:\/\/api.w.org\/{rel}","templated":true}]}}