{"id":16233,"date":"2025-06-11T22:24:40","date_gmt":"2025-06-11T22:24:40","guid":{"rendered":"https:\/\/ladepeche.mr\/?p=16233"},"modified":"2025-06-11T22:27:30","modified_gmt":"2025-06-11T22:27:30","slug":"marche-mondiale-vers-gaza-les-citoyen%c2%b7nes-agissent-face-a-linaction-des-etats","status":"publish","type":"post","link":"https:\/\/ladepeche.mr\/?p=16233","title":{"rendered":"Marche mondiale vers Gaza : les citoyen\u00b7nes agissent face \u00e0 l\u2019inaction des \u00c9tats"},"content":{"rendered":"<p style=\"text-align: left;\">Une centaine de Canadien\u00b7nes s\u2019appr\u00eatent \u00e0 marcher depuis l\u2019\u00c9gypte vers Gaza pour demander la lev\u00e9e du blocus et l\u2019entr\u00e9e massive de l\u2019aide humanitaire.<\/p>\n<p><strong>Demain, une centaine de Canadien\u00b7nes rejoindront des milliers de civil\u00b7es venu\u00b7es du monde entier pour marcher de l\u2019\u00c9gypte vers Gaza en solidarit\u00e9 avec le peuple palestinien. La d\u00e9l\u00e9gation canadienne souhaite sensibiliser la population et faire pression sur le gouvernement du Canada pour qu\u2019il contribue \u00e0 mettre fin au g\u00e9nocide imm\u00e9diatement. Ce mouvement, largement soutenu par la soci\u00e9t\u00e9 civile, n\u2019a cependant pas re\u00e7u l\u2019appui des autorit\u00e9s.<\/strong><\/p>\n<p>Dans la semaine \u00e0 venir, une centaine de Canadien\u00b7nes devraient r\u00e9pondre \u00e0 l\u2019appel d\u2019une initiative internationale de solidarit\u00e9 avec le peuple palestinien, en marchant depuis l\u2019\u00c9gypte jusqu\u2019\u00e0 Gaza aux c\u00f4t\u00e9s de milliers de participant\u00b7es venu\u00b7es de plus de 60\u00a0pays.<\/p>\n<p>Selon les informations publi\u00e9es sur <a href=\"https:\/\/marchtogaza.net\/\" target=\"_blank\" rel=\"noopener\">le site de la Marche vers Gaza<\/a>, les participant\u00b7es du monde entier se rassembleront au Caire le 12\u00a0juin, puis se rendront le lendemain en autobus \u00e0 El-Arich, point de d\u00e9part de la marche de 48\u00a0km.<\/p>\n<p>Selon le sc\u00e9nario id\u00e9al, les participant\u00b7es marcheront pendant deux ou trois jours pour arriver au point de passage de Rafah, le plus important passage de l\u2019aide humanitaire, ferm\u00e9 depuis mai\u00a02024, et y camperont pour un autre trois jours, avant de reprendre la route vers Le Caire.<\/p>\n<p>Les organisateur\u00b7trices soulignent qu\u2019il s\u2019agit d\u2019un mouvement pacifique. \u00ab\u00a0Nous ne forcerons aucune barri\u00e8re, aucune fronti\u00e8re. Notre objectif est de n\u00e9gocier l\u2019ouverture du terminal de Rafah avec les autorit\u00e9s \u00e9gyptiennes, en collaboration avec les ONG, les diplomates et les organisations humanitaires\u00a0\u00bb, peut-on lire sur le site du mouvement.<\/p>\n<p>\u00ab\u00a0La marche porte trois revendications claires et urgentes\u00a0: la lev\u00e9e imm\u00e9diate du blocus sur Gaza, l\u2019ouverture des fronti\u00e8res et l\u2019entr\u00e9e massive de l\u2019aide humanitaire, ainsi que la fin des complicit\u00e9s internationales qui rendent ce g\u00e9nocide possible\u00a0\u00bb, a d\u00e9clar\u00e9 Baya El Hachemi, membre du collectif montr\u00e9alais Palestine Vivra, lors d\u2019une conf\u00e9rence de presse tenue \u00e0 Montr\u00e9al jeudi dernier.<\/p>\n<h2 class=\"wp-block-heading\">Inaction et complicit\u00e9 des gouvernements<\/h2>\n<p>Pour les participant\u00b7es, cette marche sera non seulement une pression internationale sur l\u2019\u00c9tat d\u2019Isra\u00ebl, mais \u00e9galement un message \u00e0 leurs gouvernements respectifs.<\/p>\n<p>Jeudi dernier, les organisatrices de la d\u00e9l\u00e9gation canadienne pr\u00e9sentes \u00e0 la conf\u00e9rence de presse ont soulign\u00e9 que l\u2019initiative est n\u00e9e de l\u2019inaction des gouvernements occidentaux face \u00e0 un g\u00e9nocide qui dure depuis 20 mois<\/p>\n<p><span style=\"color: #ffffff; font-size: 1.3125rem; font-style: italic; background-color: #222222;\">\u00ab Ce g\u00e9nocide est commis en notre nom, avec notre argent, nos lois et notre silence. Nous refusons d\u2019\u00eatre complices, nous refusons d\u2019avoir du sang aussi sur les mains. \u00bb<\/span><\/p>\n<p>&nbsp;<\/p>\n<p><span style=\"font-size: 1rem; font-style: italic; text-align: right;\">Le 19 mai, dans une <\/span><a style=\"font-size: 1rem; font-style: italic; text-align: right;\" href=\"https:\/\/www.pm.gc.ca\/fr\/nouvelles\/declarations\/2025\/05\/19\/declaration-commune-des-dirigeants-du-canada-du-royaume-uni-et\" target=\"_blank\" rel=\"noopener\">d\u00e9claration commune<\/a><span style=\"font-size: 1rem; font-style: italic; text-align: right;\">, le Canada, le Royaume-Uni et la France ont condamn\u00e9 l\u2019intensification des op\u00e9rations militaires isra\u00e9liennes et l\u2019expansion des colonies ill\u00e9gales en Cisjordanie, mena\u00e7ant de prendre des \u00ab\u00a0mesures concr\u00e8tes\u00a0\u00bb, y compris des \u00ab\u00a0sanctions cibl\u00e9es\u00a0\u00bb. Les \u00c9tats ont notamment demand\u00e9 \u00e0 Isra\u00ebl de mettre fin \u00e0 son offensive \u00e0 Gaza et de lever imm\u00e9diatement les restrictions entourant l\u2019aide humanitaire.<\/span><\/p>\n<p>Mardi matin, la ministre canadienne des Affaires \u00e9trang\u00e8res Anita Anand a annonc\u00e9 des sanctions visant deux ministres isra\u00e9liens d\u2019extr\u00eame droite, Itamar Ben-Gvir et Bezalel Smotrich, pour incitation \u00e0 la violence contre les Palestinien\u00b7nes en Cisjordanie.<\/p>\n<p>Il s\u2019agit des seules mesures concr\u00e8tes prises par le Canada depuis son r\u00e9cent durcissement de ton.<\/p>\n<p>\u00ab\u00a0Cela r\u00e9pond \u00e0 ce qui se passe en Cisjordanie, mais aucune sanction n\u2019a \u00e9t\u00e9 prise concernant le g\u00e9nocide en cours \u00e0 Gaza\u00a0\u00bb, a critiqu\u00e9 la d\u00e9put\u00e9e n\u00e9o-d\u00e9mocrate Heather McPherson lors d\u2019une conf\u00e9rence de presse concernant la Marche vers Gaza, tenue sur la colline du Parlement le m\u00eame jour.<\/p>\n<p>\u00ab\u00a0On s\u2019attend \u00e0 ce que le gouvernement respecte le droit international et sanctionne toutes les personnes responsables du g\u00e9nocide auquel on assiste, y compris [le premier ministre isra\u00e9lien Benyamin] Netanyahou. On r\u00e9clame cela depuis 18\u00a0mois. Donc, m\u00eame si on salue le fait que le gouvernement ait enfin pos\u00e9 ce geste, c\u2019est trop peu et trop tard\u00a0\u00bb, a-t-elle d\u00e9nonc\u00e9.<\/p>\n<p>Les militant\u00b7es soulignent que le Canada a le pouvoir d\u2019agir pour mettre fin au g\u00e9nocide en cours, notamment en imposant un v\u00e9ritable embargo total sur les \u00e9changes d\u2019armes avec Isra\u00ebl.<\/p>\n<p>\u00ab\u00a0Ce g\u00e9nocide est commis en notre nom, avec notre argent, nos lois et notre silence. Nous refusons d\u2019\u00eatre complices, nous refusons d\u2019avoir du sang aussi sur les mains\u00a0\u00bb, s\u2019indigne Baya El Hachemi.<\/p>\n<figure class=\"wp-block-image size-large\"><img loading=\"lazy\" decoding=\"async\" class=\"wp-image-25249\" src=\"https:\/\/s3.amazonaws.com\/pivot.quebec\/wp-content\/uploads\/2025\/06\/11142127\/IMG_6878-1024x768.jpg\" sizes=\"auto, (max-width: 1024px) 100vw, 1024px\" srcset=\"https:\/\/s3.amazonaws.com\/pivot.quebec\/wp-content\/uploads\/2025\/06\/11142127\/IMG_6878-1024x768.jpg 1024w, https:\/\/s3.amazonaws.com\/pivot.quebec\/wp-content\/uploads\/2025\/06\/11142127\/IMG_6878-300x225.jpg 300w, https:\/\/s3.amazonaws.com\/pivot.quebec\/wp-content\/uploads\/2025\/06\/11142127\/IMG_6878-768x576.jpg 768w, https:\/\/s3.amazonaws.com\/pivot.quebec\/wp-content\/uploads\/2025\/06\/11142127\/IMG_6878-800x600.jpg 800w, https:\/\/s3.amazonaws.com\/pivot.quebec\/wp-content\/uploads\/2025\/06\/11142127\/IMG_6878-400x300.jpg 400w, https:\/\/s3.amazonaws.com\/pivot.quebec\/wp-content\/uploads\/2025\/06\/11142127\/IMG_6878-1536x1152.jpg 1536w, https:\/\/s3.amazonaws.com\/pivot.quebec\/wp-content\/uploads\/2025\/06\/11142127\/IMG_6878-2048x1536.jpg 2048w\" alt=\"\" width=\"1024\" height=\"768\" \/><figcaption class=\"wp-element-caption\">Des participantes \u00e0 la Marche vers Gaza et des organismes ayant endoss\u00e9 le mouvement ont tenu une cond\u00e9rence de presse le 5 juin \u00e0 Montr\u00e9al.<\/figcaption><\/figure>\n<h2 class=\"wp-block-heading\">Une action risqu\u00e9e<\/h2>\n<p>Cette action, qui s\u2019approche du c\u0153ur de la zone de guerre, comporte des risques majeurs : les participant\u00b7es en sont tou\u00b7tes conscient\u00b7es.<\/p>\n<p>Dimanche dernier, les douze militant\u00b7es \u00e0 bord du voilier Madleen \u2013 une initiative internationale de la Flottille de la libert\u00e9 visant \u00e0 briser le blocus de Gaza et \u00e0 y acheminer de l\u2019aide humanitaire \u2013 ont \u00e9t\u00e9 intercept\u00e9\u00b7es par l\u2019arm\u00e9e isra\u00e9lienne dans les eaux internationales. Huit militant\u00b7es sont toujours d\u00e9tenu\u00b7es en Isra\u00ebl, refusant de signer un document qui les contraindrait \u00e0 reconna\u00eetre \u00eatre entr\u00e9\u00b7es ill\u00e9galement dans le pays.<\/p>\n<p>Rappelons qu\u2019en 2010, une autre flottille avec pr\u00e8s de 700 volontaires \u00e0 bord, avait \u00e9t\u00e9 attaqu\u00e9e par l\u2019arm\u00e9e isra\u00e9lienne, faisant dix morts parmi les militant\u00b7es.<\/p>\n<p><span style=\"color: #ffffff; font-size: 1.3125rem; font-style: italic; background-color: #222222;\">\u00ab\u00a0Cette marche est un acte d\u2019amour et de courage, un cri de c\u0153ur pour r\u00e9veiller les consciences.\u00a0\u00bb<\/span><\/p>\n<p>&nbsp;<\/p>\n<p><span style=\"font-size: 1rem; font-style: italic; text-align: right;\">\u00ab\u00a0Une \u00e9quipe juridique compos\u00e9e d\u2019avocats sp\u00e9cialis\u00e9s en droit international est mobilis\u00e9e pour anticiper tous les sc\u00e9narios\u00a0\u00bb, peut-on lire sur le site de la Marche vers Gaza.<\/span><\/p>\n<p>&nbsp;<\/p>\n<p>Un des plus importants moyens d\u2019assurer la s\u00e9curit\u00e9 des marcheur\u00b7euses est d\u2019avoir la protection diplomatique de leurs gouvernements respectifs ainsi que la collaboration des autorit\u00e9s \u00e9gyptiennes.<\/p>\n<p>Les organisateur\u00b7trices de la d\u00e9l\u00e9gation canadienne ont cherch\u00e9 l\u2019appui de la ministre des Affaires \u00e9trang\u00e8res, mais n\u2019ont pas eu de r\u00e9ponse.<\/p>\n<p>En conf\u00e9rence de presse mardi, aux c\u00f4t\u00e9s d\u2019Heather McPherson, le d\u00e9put\u00e9 n\u00e9o-d\u00e9mocrate Alexandre Boulerice et la d\u00e9put\u00e9e lib\u00e9rale Salma Zahid ont exhort\u00e9 Affaires mondiales Canada \u00e0 faire pression sur le gouvernement \u00e9gyptien afin d\u2019assurer le passage s\u00e9curitaire des marcheur\u00b7euses venu\u00b7es du Canada et du monde entier.<\/p>\n<p>\u00ab\u00a0La s\u00e9curit\u00e9 et la stabilit\u00e9 de notre population sont tr\u00e8s importantes pour nous\u00a0\u00bb, a r\u00e9pondu la ministre des Affaires \u00e9trang\u00e8res, Anita Anand, \u00e0 une journaliste, \u00e0 la sortie de la r\u00e9union hebdomadaire du cabinet f\u00e9d\u00e9ral mardi. \u00ab\u00a0Nous surveillons la situation et nous continuons de pousser pour la lib\u00e9ration de tous les otages, mais aussi pour la nourriture et l\u2019aide humanitaire pour Gaza.\u00a0\u00bb<\/p>\n<p>Les organisateur\u00b7trices de la marche soulignent que la visibilit\u00e9 est un autre \u00e9l\u00e9ment important qui prot\u00e8gerait les marcheur\u00b7euses.<\/p>\n<p>\u00ab\u00a0Ceux qui restent ici ont un r\u00f4le primordial \u00e0 jouer\u00a0\u00bb, dit Colombe Dimet, infirmi\u00e8re participant \u00e0 la marche, en entrevue avec Pivot. \u00ab\u00a0Il pourrait nous arriver n\u2019importe quoi. Ceux qui vont rester ici vont \u00eatre les garants de notre s\u00e9curit\u00e9 et vont pouvoir faire pression sur nos gouvernements.\u00a0\u00bb<\/p>\n<h2 class=\"wp-block-heading\">Solidarit\u00e9 internationale<\/h2>\n<p>\u00ab\u00a0La Palestine aujourd\u2019hui repr\u00e9sente un test pour notre humanit\u00e9 collective\u00a0\u00bb, a soutenu Zahia El Masri, militante montr\u00e9alaise d\u2019origine palestinienne, en conf\u00e9rence de presse jeudi dernier. \u00ab\u00a0Cette marche est un acte d\u2019amour et de courage, un cri de c\u0153ur pour r\u00e9veiller les consciences.\u00a0\u00bb<\/p>\n<p>La d\u00e9l\u00e9gation canadienne rassemble des syndicalistes, des activistes, des professionnel\u00b7les de la sant\u00e9, des enseignant\u00b7es, des \u00e9tudiant\u00b7es et d\u2019autres membres de la soci\u00e9t\u00e9 civile.<\/p>\n<p>\u00ab\u00a0En tant qu\u2019infirmi\u00e8re, c\u2019est insupportable de voir le syst\u00e8me de sant\u00e9 compl\u00e8tement an\u00e9anti \u00e0 Gaza\u00a0\u00bb, d\u00e9plore Colombe Dimet. \u00ab\u00a0On se doit de porter cette voix et d\u2019exprimer notre solidarit\u00e9\u00a0\u00bb, une valeur fondamentale dans sa profession, selon elle.<\/p>\n<p>\u00ab\u00a0C\u2019est aussi pour lancer un message d\u2019espoir, y compris \u00e0 mes enfants, et dire que l\u2019humanit\u00e9 et la solidarit\u00e9 existent encore, que ces mots ont encore un sens aujourd\u2019hui\u00a0\u00bb, confie cette m\u00e8re.<\/p>\n<p>Selon Manuel Tapial, membre de Palestine Vivra et un des organisateur\u00b7trices de la d\u00e9l\u00e9gation canadienne, pr\u00e8s de 700\u00a0personnes venant des quatre coins du pays se sont port\u00e9es volontaires, mais pour des consid\u00e9rations de s\u00e9curit\u00e9 et de logistique, il a d\u00fb en refuser la plupart, a-t-il expliqu\u00e9 en conf\u00e9rence de presse mardi.<\/p>\n<p>La Marche vers Gaza n\u2019est qu\u2019un des r\u00e9cents mouvements mondiaux parmi d\u2019autres visant \u00e0 briser le blocus de Gaza et faire entrer de l\u2019aide humanitaire. \u00ab\u00a0Et ce ne sera pas le dernier\u00a0\u00bb, a affirm\u00e9 Manuel Tapial.<\/p>\n<p>La Caravane Al-Soumoud, un convoi d\u2019une centaine de v\u00e9hicules avec environ 1500\u00a0personnes \u00e0 bord \u2013 un chiffre qui s\u2019accro\u00eet au fil du trajet \u2013, a pris la route vers Rafah depuis l\u2019Alg\u00e9rie et la Tunisie et devrait rejoindre la marche le 12\u00a0juin.<\/p>\n<p>Par Biffant Sun est journaliste sp\u00e9cialis\u00e9e dans les enjeux de racisme et d\u2019anti-racisme pour Pivot.<\/p>\n<p>&nbsp;<\/p>\n","protected":false},"excerpt":{"rendered":"<p>Une centaine de Canadien\u00b7nes s\u2019appr\u00eatent \u00e0 marcher depuis l\u2019\u00c9gypte vers Gaza pour demander la lev\u00e9e du blocus et l\u2019entr\u00e9e massive de l\u2019aide humanitaire. Demain, une centaine de Canadien\u00b7nes rejoindront des milliers de civil\u00b7es venu\u00b7es du monde entier pour marcher de l\u2019\u00c9gypte vers Gaza en solidarit\u00e9 avec le peuple palestinien. La d\u00e9l\u00e9gation canadienne souhaite sensibiliser la &hellip;<\/p>\n","protected":false},"author":2,"featured_media":16234,"comment_status":"open","ping_status":"open","sticky":false,"template":"","format":"standard","meta":{"footnotes":""},"categories":[18,29],"tags":[],"class_list":["post-16233","post","type-post","status-publish","format-standard","has-post-thumbnail","hentry","category-actualites","category-monde"],"_links":{"self":[{"href":"https:\/\/ladepeche.mr\/index.php?rest_route=\/wp\/v2\/posts\/16233","targetHints":{"allow":["GET"]}}],"collection":[{"href":"https:\/\/ladepeche.mr\/index.php?rest_route=\/wp\/v2\/posts"}],"about":[{"href":"https:\/\/ladepeche.mr\/index.php?rest_route=\/wp\/v2\/types\/post"}],"author":[{"embeddable":true,"href":"https:\/\/ladepeche.mr\/index.php?rest_route=\/wp\/v2\/users\/2"}],"replies":[{"embeddable":true,"href":"https:\/\/ladepeche.mr\/index.php?rest_route=%2Fwp%2Fv2%2Fcomments&post=16233"}],"version-history":[{"count":3,"href":"https:\/\/ladepeche.mr\/index.php?rest_route=\/wp\/v2\/posts\/16233\/revisions"}],"predecessor-version":[{"id":16237,"href":"https:\/\/ladepeche.mr\/index.php?rest_route=\/wp\/v2\/posts\/16233\/revisions\/16237"}],"wp:featuredmedia":[{"embeddable":true,"href":"https:\/\/ladepeche.mr\/index.php?rest_route=\/wp\/v2\/media\/16234"}],"wp:attachment":[{"href":"https:\/\/ladepeche.mr\/index.php?rest_route=%2Fwp%2Fv2%2Fmedia&parent=16233"}],"wp:term":[{"taxonomy":"category","embeddable":true,"href":"https:\/\/ladepeche.mr\/index.php?rest_route=%2Fwp%2Fv2%2Fcategories&post=16233"},{"taxonomy":"post_tag","embeddable":true,"href":"https:\/\/ladepeche.mr\/index.php?rest_route=%2Fwp%2Fv2%2Ftags&post=16233"}],"curies":[{"name":"wp","href":"https:\/\/api.w.org\/{rel}","templated":true}]}}