{"id":16245,"date":"2025-06-12T13:39:30","date_gmt":"2025-06-12T13:39:30","guid":{"rendered":"https:\/\/ladepeche.mr\/?p=16245"},"modified":"2025-06-12T13:39:30","modified_gmt":"2025-06-12T13:39:30","slug":"le-premier-ministre-preside-la-reunion-du-comite-ministeriel-charge-du-programme-de-protection-de-la-jeunesse","status":"publish","type":"post","link":"https:\/\/ladepeche.mr\/?p=16245","title":{"rendered":"Le Premier ministre pr\u00e9side la r\u00e9union du comit\u00e9 minist\u00e9riel charg\u00e9 du programme de protection de la jeunesse"},"content":{"rendered":"<p>S.E le Premier ministre El Moctar Ould Djay a pr\u00e9sid\u00e9, mercredi, la r\u00e9union du comit\u00e9 minist\u00e9riel charg\u00e9 du suivi de la mise en \u0153uvre du programme national de protection de la jeunesse, conform\u00e9ment aux priorit\u00e9s du programme du Pr\u00e9sident de la R\u00e9publique Mohamed Ould Cheikh El-Ghazouani, visant \u00e0 fortifier la jeunesse et \u00e0 la prot\u00e9ger contre les effets n\u00e9fastes des dangers qui menacent notre soci\u00e9t\u00e9.<\/p>\n<p>Le ministre de l\u2019Autonomisation des jeunes, de l\u2019Emploi, des Sports et du Service civique a fait une pr\u00e9sentation sur le niveau de mise en \u0153uvre du plan, qui a \u00e9t\u00e9 approuv\u00e9 lors de la r\u00e9union du comit\u00e9 en f\u00e9vrier dernier.<\/p>\n<p>Le programme comporte quatre volets :<\/p>\n<p>\u2013 Protection de l\u2019unit\u00e9 nationale et lutte contre tous les types de discrimination.<\/p>\n<p>\u2013 Lutte contre les drogues et les substances psychotropes.<\/p>\n<p>\u2013 Protection contre les dangers de l\u2019espace num\u00e9rique et l\u2019utilisation abusive d\u2019Internet.<\/p>\n<p>\u2013 Promouvoir une culture de la pers\u00e9v\u00e9rance et reconna\u00eetre les efforts et le travail.<\/p>\n<p>Apr\u00e8s avoir pr\u00e9sent\u00e9 et discut\u00e9 du niveau de mise en \u0153uvre de chacune de ces composantes sur le terrain, le comit\u00e9 a salu\u00e9 le bon d\u00e9marrage du programme en mati\u00e8re de volontariat, le d\u00e9veloppement des organisations de scoutisme, la mise en place d\u2019un comit\u00e9 de suivi des contenus num\u00e9riques sur les plateformes, la lutte contre la cybercriminalit\u00e9 et l\u2019interdiction des sites de jeux d\u2019argent, ainsi que la mise en place d\u2019une plateforme nationale de signalement des contenus immoraux ou portant atteinte \u00e0 l\u2019unit\u00e9 nationale. Le comit\u00e9 a \u00e9galement salu\u00e9 le niveau de pr\u00e9paration de la mise en place d\u2019une unit\u00e9 m\u00e9dicale sp\u00e9ciale pour la prise en charge des victimes de la toxicomanie et le traitement des effets de celle-ci.<\/p>\n<p>\u00c0 la fin de la r\u00e9union, le Premier ministre a demand\u00e9 aux secteurs concern\u00e9s de coordonner plus \u00e9troitement et de r\u00e9fl\u00e9chir \u00e0 des solutions pour renforcer les m\u00e9canismes existants et fournir les ressources n\u00e9cessaires pour traiter tous les aspects des questions en jeu, et d\u2019\u00e9lever le niveau de sensibilisation \u00e0 tous les niveaux pour sensibiliser les citoyens afin d\u2019assurer leur contribution efficace \u00e0 la protection de notre jeunesse contre les dangers de ces ph\u00e9nom\u00e8nes.<br \/>\nAmi<\/p>\n","protected":false},"excerpt":{"rendered":"<p>S.E le Premier ministre El Moctar Ould Djay a pr\u00e9sid\u00e9, mercredi, la r\u00e9union du comit\u00e9 minist\u00e9riel charg\u00e9 du suivi de la mise en \u0153uvre du programme national de protection de la jeunesse, conform\u00e9ment aux priorit\u00e9s du programme du Pr\u00e9sident de la R\u00e9publique Mohamed Ould Cheikh El-Ghazouani, visant \u00e0 fortifier la jeunesse et \u00e0 la prot\u00e9ger &hellip;<\/p>\n","protected":false},"author":2,"featured_media":16246,"comment_status":"open","ping_status":"open","sticky":false,"template":"","format":"standard","meta":{"footnotes":""},"categories":[18],"tags":[],"class_list":["post-16245","post","type-post","status-publish","format-standard","has-post-thumbnail","hentry","category-actualites"],"_links":{"self":[{"href":"https:\/\/ladepeche.mr\/index.php?rest_route=\/wp\/v2\/posts\/16245","targetHints":{"allow":["GET"]}}],"collection":[{"href":"https:\/\/ladepeche.mr\/index.php?rest_route=\/wp\/v2\/posts"}],"about":[{"href":"https:\/\/ladepeche.mr\/index.php?rest_route=\/wp\/v2\/types\/post"}],"author":[{"embeddable":true,"href":"https:\/\/ladepeche.mr\/index.php?rest_route=\/wp\/v2\/users\/2"}],"replies":[{"embeddable":true,"href":"https:\/\/ladepeche.mr\/index.php?rest_route=%2Fwp%2Fv2%2Fcomments&post=16245"}],"version-history":[{"count":1,"href":"https:\/\/ladepeche.mr\/index.php?rest_route=\/wp\/v2\/posts\/16245\/revisions"}],"predecessor-version":[{"id":16247,"href":"https:\/\/ladepeche.mr\/index.php?rest_route=\/wp\/v2\/posts\/16245\/revisions\/16247"}],"wp:featuredmedia":[{"embeddable":true,"href":"https:\/\/ladepeche.mr\/index.php?rest_route=\/wp\/v2\/media\/16246"}],"wp:attachment":[{"href":"https:\/\/ladepeche.mr\/index.php?rest_route=%2Fwp%2Fv2%2Fmedia&parent=16245"}],"wp:term":[{"taxonomy":"category","embeddable":true,"href":"https:\/\/ladepeche.mr\/index.php?rest_route=%2Fwp%2Fv2%2Fcategories&post=16245"},{"taxonomy":"post_tag","embeddable":true,"href":"https:\/\/ladepeche.mr\/index.php?rest_route=%2Fwp%2Fv2%2Ftags&post=16245"}],"curies":[{"name":"wp","href":"https:\/\/api.w.org\/{rel}","templated":true}]}}