{"id":16248,"date":"2025-06-12T23:22:45","date_gmt":"2025-06-12T23:22:45","guid":{"rendered":"https:\/\/ladepeche.mr\/?p=16248"},"modified":"2025-06-12T23:22:45","modified_gmt":"2025-06-12T23:22:45","slug":"ould-abdel-aziz-subit-avec-succes-un-catheterisme-cardiaque","status":"publish","type":"post","link":"https:\/\/ladepeche.mr\/?p=16248","title":{"rendered":"Ould Abdel Aziz  subit avec succ\u00e8s un cath\u00e9t\u00e9risme cardiaque"},"content":{"rendered":"<p class=\"p2\" style=\"text-align: left;\">L&#8217;ancien pr\u00e9sident Mohamed Ould Abdel Aziz a subi avec succ\u00e8s un cath\u00e9t\u00e9risme aujourd\u2019hui jeudi 12 juin courant dans l\u2019apr\u00e8s-midi au Centre National de cardiologie de Nouakchott.<\/p>\n<p class=\"p2\"><span class=\"s1\">L\u2019intervention vise selon des sources m\u00e9dicales g\u00e9n\u00e9ralement bien inform\u00e9es \u00e0 dilater certaines art\u00e8res coronaires du patient op\u00e9r\u00e9.<\/span><\/p>\n<p class=\"p2\"><span class=\"s1\">L\u2019ex Chef de l\u2019Etat a \u00e9t\u00e9 transf\u00e9r\u00e9 en salle d&#8217;attente m\u00e9dicale apr\u00e8s l&#8217;intervention, supervis\u00e9e par une \u00e9quipe m\u00e9dicale sp\u00e9cialis\u00e9e.<\/span><\/p>\n<p class=\"p2\"><span class=\"s1\">.Ould Abdel Aziz avait subi auparavant une s\u00e9rie d&#8217;examens m\u00e9dicaux, \u00e0 la suite desquels les m\u00e9decins ont recommand\u00e9 un cath\u00e9t\u00e9risme cardiaque pour traiter certaines anomalies art\u00e9rielles.<\/span><\/p>\n<p class=\"p2\"><span class=\"s1\">Les m\u00e9decins ont confirm\u00e9 que son \u00e9tat de sant\u00e9 est stable et qu&#8217;il re\u00e7oit les soins m\u00e9dicaux n\u00e9cessaires apr\u00e8s l&#8217;intervention.<\/span><\/p>\n<p>https:\/\/essahraa.net\/fr\/node\/12450<\/p>\n","protected":false},"excerpt":{"rendered":"<p>L&#8217;ancien pr\u00e9sident Mohamed Ould Abdel Aziz a subi avec succ\u00e8s un cath\u00e9t\u00e9risme aujourd\u2019hui jeudi 12 juin courant dans l\u2019apr\u00e8s-midi au Centre National de cardiologie de Nouakchott. L\u2019intervention vise selon des sources m\u00e9dicales g\u00e9n\u00e9ralement bien inform\u00e9es \u00e0 dilater certaines art\u00e8res coronaires du patient op\u00e9r\u00e9. L\u2019ex Chef de l\u2019Etat a \u00e9t\u00e9 transf\u00e9r\u00e9 en salle d&#8217;attente m\u00e9dicale apr\u00e8s &hellip;<\/p>\n","protected":false},"author":2,"featured_media":16249,"comment_status":"open","ping_status":"open","sticky":false,"template":"","format":"standard","meta":{"footnotes":""},"categories":[18,31],"tags":[],"class_list":["post-16248","post","type-post","status-publish","format-standard","has-post-thumbnail","hentry","category-actualites","category-politique-et-reportages"],"_links":{"self":[{"href":"https:\/\/ladepeche.mr\/index.php?rest_route=\/wp\/v2\/posts\/16248","targetHints":{"allow":["GET"]}}],"collection":[{"href":"https:\/\/ladepeche.mr\/index.php?rest_route=\/wp\/v2\/posts"}],"about":[{"href":"https:\/\/ladepeche.mr\/index.php?rest_route=\/wp\/v2\/types\/post"}],"author":[{"embeddable":true,"href":"https:\/\/ladepeche.mr\/index.php?rest_route=\/wp\/v2\/users\/2"}],"replies":[{"embeddable":true,"href":"https:\/\/ladepeche.mr\/index.php?rest_route=%2Fwp%2Fv2%2Fcomments&post=16248"}],"version-history":[{"count":1,"href":"https:\/\/ladepeche.mr\/index.php?rest_route=\/wp\/v2\/posts\/16248\/revisions"}],"predecessor-version":[{"id":16250,"href":"https:\/\/ladepeche.mr\/index.php?rest_route=\/wp\/v2\/posts\/16248\/revisions\/16250"}],"wp:featuredmedia":[{"embeddable":true,"href":"https:\/\/ladepeche.mr\/index.php?rest_route=\/wp\/v2\/media\/16249"}],"wp:attachment":[{"href":"https:\/\/ladepeche.mr\/index.php?rest_route=%2Fwp%2Fv2%2Fmedia&parent=16248"}],"wp:term":[{"taxonomy":"category","embeddable":true,"href":"https:\/\/ladepeche.mr\/index.php?rest_route=%2Fwp%2Fv2%2Fcategories&post=16248"},{"taxonomy":"post_tag","embeddable":true,"href":"https:\/\/ladepeche.mr\/index.php?rest_route=%2Fwp%2Fv2%2Ftags&post=16248"}],"curies":[{"name":"wp","href":"https:\/\/api.w.org\/{rel}","templated":true}]}}