{"id":1625,"date":"2022-08-28T14:45:16","date_gmt":"2022-08-28T14:45:16","guid":{"rendered":"https:\/\/ladepeche.mr\/?p=1625"},"modified":"2022-08-28T14:46:03","modified_gmt":"2022-08-28T14:46:03","slug":"de-visu-a-sebkha-vous-nne-verserez-point-vos-saletes","status":"publish","type":"post","link":"https:\/\/ladepeche.mr\/?p=1625","title":{"rendered":"De visu \u00e0 Sebkha..\u00a0\u00abVous ne verserez point vos salet\u00e9s\u00a0\u00bb"},"content":{"rendered":"<p>La commune de Sebkha &#8211; et plus particuli\u00e8rement &#8211; sa fronti\u00e8re qui fait face \u00e0 la mer, vit un insupportable drame humain et sanitaire !!<\/p>\n<p>Je passais ce midi dans le quartier pour montrer le lyc\u00e9e Sebkha 2 \u00e0 une amie, lorsque mon attention fut capt\u00e9e par un mouvement de foule sur le goudron qui relie Sebkha \u00e0 la mer.<\/p>\n<p>Naturellement, je fis demi-tour pour voir ce qui attirait les foules sur cette route qui tra\u00e7ait un chemin entre des tonnes d\u2019ordures d\u2019un cot\u00e9 et les habitations prises en otages par des eaux saum\u00e2tres.<\/p>\n<p>Au loin je voyais les personnes gesticuler en montrant quelque chose au milieu des habitations qu\u2019elles n\u2019arrivaient pas \u00e0 atteindre \u00e0 cause des boues naus\u00e9abondes.<\/p>\n<p>Je fus prise de panique ! et si c\u2019\u00e9tait un enfant qui se noyait ? ou qui s\u2019\u00e9tait \u00e9lectrocut\u00e9 ?? je ne voulais pas voir l\u2019une de ces horribles sc\u00e8nes qui se r\u00e9p\u00e8tent en ces temps d\u2019inondations !! je n\u2019avais pas ce courage !<\/p>\n<p>Derri\u00e8re moi le ton montait, une barri\u00e8re se construisait sur la route \u2026 des pneus port\u00e9s par des dames \u00e2g\u00e9es, en col\u00e8re, arm\u00e9es de b\u00e2tons et qui gesticulaient devant une citerne de vidanges des fosses sceptiques, suivi d\u2019un camion d\u00e9bordant de poubelles, pour les emp\u00eacher d\u2019avancer.<\/p>\n<p>\u00abVous n\u2019avancerez pas ! vous ne verserez pas vos d\u00e9chets sur nous ! retournez d\u2019o\u00f9 vous venez ! criaient ses dames, suivies finalement par tout le monde : jeunes, hommes, femmes, enfants\u2026.<\/p>\n<p>Ces braves dames m\u2019ont expliqu\u00e9 qu\u2019elles \u00e9taient l\u00e0 depuis la veille, \u00e0 monter la garde, contre ces camions qui avaient l\u2019habitude de venir toutes les nuits vider leurs chargements derri\u00e8re leurs habitations. Avec les fortes pluies de ces derni\u00e8res semaines, tous les d\u00e9chets liquides et solides se sont infiltr\u00e9s \u00e0 l\u2019int\u00e9rieur de leurs habitations, apr\u00e8s avoir inond\u00e9s les rues et les espaces publics !<\/p>\n<p><strong>Une catastrophe<\/strong> !<\/p>\n<p>Des dizaines de familles n\u2019avaient plus d\u2019acc\u00e8s \u00e0 leur maison !<\/p>\n<p>Au milieu des foules, un 4&#215;4 s\u2019est fray\u00e9 un chemin entour\u00e9 de gardes\u2026.<\/p>\n<p>\u00ab\u00a0c\u2019est le Hakem\u00a0\u00bb ! cria quelqu\u2019un !! \u00ab\u00a0Il est revenu !\u00a0Il avait promis ce matin de revenir avec des solutions.\u00bb<\/p>\n<p>Une voix rousp\u00e8te : \u00ab\u00a0Il y a d\u00e9j\u00e0 les camions citernes envoy\u00e9s par la Mairie, qui aspirent les eaux depuis le matin ! Mais, cela ne servira \u00e0 rien si les camions particuliers qui viennent de partout, continuent \u00e0 verser leurs salet\u00e9s derri\u00e8re nos maisons !! Il faut arr\u00eater de nous prendre pour des poubelles !! \u00bb<\/p>\n<p>\u00ab\u00a0Nous ne bougerons pas d\u2019ici \u2026 nous ne savons plus o\u00f9 aller ! nos maisons sont inaccessibles, inond\u00e9es, insalubres, nos enfants n\u2019ont plus rien \u00e0 manger, n\u2019ont plus o\u00f9 dormir, ils vont tomber malades !!\u00a0C\u2019est haram ! \u00bb scandaient encore ces grand-m\u00e8res indign\u00e9es, alors que je m\u2019\u00e9loignais, impuissante, le coeur bris\u00e9.<\/p>\n<p>Malgr\u00e9 tout, je garderais pr\u00e9cieusement cette forte image du courage et de la d\u00e9termination qui animait ces mamans de Sebkha :<\/p>\n<p>Un contraste frappant avec une r\u00e9signation et un fatalisme qui dominent terriblement dans les autres quartiers sinistr\u00e9s que j\u2019ai visit\u00e9.<\/p>\n<p>Allah el mousta3ane !<\/p>\n<p>Citoyenne Lambda<\/p>\n","protected":false},"excerpt":{"rendered":"<p>La commune de Sebkha &#8211; et plus particuli\u00e8rement &#8211; sa fronti\u00e8re qui fait face \u00e0 la mer, vit un insupportable drame humain et sanitaire !! Je passais ce midi dans le quartier pour montrer le lyc\u00e9e Sebkha 2 \u00e0 une amie, lorsque mon attention fut capt\u00e9e par un mouvement de foule sur le goudron qui &hellip;<\/p>\n","protected":false},"author":2,"featured_media":1626,"comment_status":"open","ping_status":"open","sticky":false,"template":"","format":"standard","meta":{"footnotes":""},"categories":[18,27,19],"tags":[],"class_list":["post-1625","post","type-post","status-publish","format-standard","has-post-thumbnail","hentry","category-actualites","category-sante","category-tribune"],"_links":{"self":[{"href":"https:\/\/ladepeche.mr\/index.php?rest_route=\/wp\/v2\/posts\/1625","targetHints":{"allow":["GET"]}}],"collection":[{"href":"https:\/\/ladepeche.mr\/index.php?rest_route=\/wp\/v2\/posts"}],"about":[{"href":"https:\/\/ladepeche.mr\/index.php?rest_route=\/wp\/v2\/types\/post"}],"author":[{"embeddable":true,"href":"https:\/\/ladepeche.mr\/index.php?rest_route=\/wp\/v2\/users\/2"}],"replies":[{"embeddable":true,"href":"https:\/\/ladepeche.mr\/index.php?rest_route=%2Fwp%2Fv2%2Fcomments&post=1625"}],"version-history":[{"count":4,"href":"https:\/\/ladepeche.mr\/index.php?rest_route=\/wp\/v2\/posts\/1625\/revisions"}],"predecessor-version":[{"id":1630,"href":"https:\/\/ladepeche.mr\/index.php?rest_route=\/wp\/v2\/posts\/1625\/revisions\/1630"}],"wp:featuredmedia":[{"embeddable":true,"href":"https:\/\/ladepeche.mr\/index.php?rest_route=\/wp\/v2\/media\/1626"}],"wp:attachment":[{"href":"https:\/\/ladepeche.mr\/index.php?rest_route=%2Fwp%2Fv2%2Fmedia&parent=1625"}],"wp:term":[{"taxonomy":"category","embeddable":true,"href":"https:\/\/ladepeche.mr\/index.php?rest_route=%2Fwp%2Fv2%2Fcategories&post=1625"},{"taxonomy":"post_tag","embeddable":true,"href":"https:\/\/ladepeche.mr\/index.php?rest_route=%2Fwp%2Fv2%2Ftags&post=1625"}],"curies":[{"name":"wp","href":"https:\/\/api.w.org\/{rel}","templated":true}]}}