{"id":16251,"date":"2025-06-12T23:27:45","date_gmt":"2025-06-12T23:27:45","guid":{"rendered":"https:\/\/ladepeche.mr\/?p=16251"},"modified":"2025-06-12T23:28:08","modified_gmt":"2025-06-12T23:28:08","slug":"le-convoi-maghrebin-de-la-resilience-aux-portes-de-misrata-appelle-legypte-a-autoriser-son-passage-vers-rafah","status":"publish","type":"post","link":"https:\/\/ladepeche.mr\/?p=16251","title":{"rendered":"Le Convoi Maghr\u00e9bin de la R\u00e9silience aux portes de Misrata, appelle l&#8217;\u00c9gypte \u00e0 autoriser son passage vers Rafah"},"content":{"rendered":"<p>Selon Nabil al-Chanoufi, un porte-parole du Convoi Maghr\u00e9bin de la R\u00e9silience, parti de Tunis pour briser le si\u00e8ge de Gaza, lors d&#8217;un entretien t\u00e9l\u00e9phonique avec l&#8217;Agence Anadolu.<\/p>\n<p>&nbsp;<\/p>\n<p class=\"selectionShareable\">Le Convoi Maghr\u00e9bin de la R\u00e9silience est arriv\u00e9, jeudi 12 juin, aux portes de la ville libyenne de Misrata.<\/p>\n<p class=\"selectionShareable\">Le convoi parti de Tunis lundi pour briser le si\u00e8ge de Gaza, a exhort\u00e9 les autorit\u00e9s \u00e9gyptiennes \u00e0 autoriser son passage vers la ville de Rafah, \u00e0 l\u2019extr\u00eame sud de la bande de Gaza, enclave palestinienne ravag\u00e9e par une guerre g\u00e9nocidaire men\u00e9e par Isra\u00ebl depuis 20 mois.<\/p>\n<p class=\"selectionShareable\">\u2018\u2019Nous sommes d\u00e9sormais aux portes de Misrata et nous nous dirigerons vers les villes de Syrte, Bani Walid, avant de rallier Benghazi\u2019\u2019, dans l&#8217;est de la Libye, a d\u00e9clar\u00e9 Nabil al-Chanoufi, un porte-parole du Convoi Maghr\u00e9bin de la R\u00e9silience, lors d&#8217;un entretien t\u00e9l\u00e9phonique avec l&#8217;Agence Anadolu.<\/p>\n<p class=\"selectionShareable\">Le convoi doit par la suite se diriger vers la ville \u00e9gyptienne d\u2019al-Arich, avec l&#8217;espoir de parvenir \u00e0 Rafah.<\/p>\n<p class=\"selectionShareable\">\u2018\u2019Nous avons contact\u00e9 l&#8217;ambassade d&#8217;\u00c9gypte en Tunisie \u00e0 plusieurs reprises et avons remis la liste des participants (au convoi) lors de notre rencontre avec son Excellence l&#8217;ambassadeur d&#8217;\u00c9gypte en Tunisie (Bassem Hassan)\u2019\u2019, a d\u00e9clar\u00e9 Nabil al-Chanoufi.<\/p>\n<p class=\"selectionShareable\">Et d\u2019ajouter : \u2018\u2019Lors de cette rencontre, nous avons expliqu\u00e9 \u00e0 Son Excellence l&#8217;ambassadeur d&#8217;\u00c9gypte les objectifs du convoi et exprim\u00e9 notre volont\u00e9 de se conformer aux recommandations de la partie \u00e9gyptienne.\u2019\u2019<\/p>\n<p class=\"selectionShareable\">\u2018\u2019Nous sommes pr\u00eats \u00e0 r\u00e9pondre \u00e0 toute demande de la partie \u00e9gyptienne visant \u00e0 faciliter notre passage vers Rafah,\u2019\u2019 a-t-il soutenu.<\/p>\n<p class=\"selectionShareable\">\u2018\u2019Nous demandons \u00e0 l&#8217;\u00c9tat \u00e9gyptien de faire preuve de compr\u00e9hension quant aux objectifs du convoi et de nous accorder les autorisations n\u00e9cessaires. Les autorit\u00e9s tunisiennes ont facilit\u00e9 l&#8217;entr\u00e9e de la d\u00e9l\u00e9gation alg\u00e9rienne sur le territoire tunisien, et les autorit\u00e9s libyennes ont fait de m\u00eame pour nous. Nous sommes certains que les autorit\u00e9s \u00e9gyptiennes assureront la s\u00e9curit\u00e9 du convoi, tout comme les autorit\u00e9s libyennes l&#8217;ont fait\u2019\u2019, a-t-il fait observer.<\/p>\n<p class=\"selectionShareable\">L\u2019Egypte avait indiqu\u00e9, la veille (mercredi), que toute action de d\u00e9l\u00e9gation \u00e9trang\u00e8re en faveur de la Palestine, sur son territoire, devait obtenir une \u2018\u2019autorisation pr\u00e9alable\u2019\u2019 tout en soulignant \u2018\u2019l\u2019importance des pressions sur Isra\u00ebl pour lever le si\u00e8ge de Gaza\u2019\u2019.<\/p>\n<p class=\"selectionShareable\">Par voie de communiqu\u00e9 consult\u00e9 par Anadolu, le minist\u00e8re \u00e9gyptien des Affaires \u00e9trang\u00e8res avait d\u00e9clar\u00e9 \u2018\u2019qu&#8217;il importe de faire pression sur Isra\u00ebl pour lever le si\u00e8ge de la bande de Gaza et permettre l&#8217;acc\u00e8s humanitaire.\u2019\u2019<\/p>\n<p class=\"selectionShareable\">Le Caire avait soulign\u00e9 aussi la n\u00e9cessit\u00e9 de respecter les proc\u00e9dures pour les \u2018\u2019visites de d\u00e9l\u00e9gations \u00e9trang\u00e8res voulant exprimer leur soutien au droit des Palestiniens dans la zone frontali\u00e8re adjacente \u00e0 Gaza.\u2019\u2019<\/p>\n<p class=\"selectionShareable\">Plus t\u00f4t mercredi, le ministre isra\u00e9lien de la D\u00e9fense, Isra\u00ebl Katz, a ordonn\u00e9 \u00e0 l&#8217;arm\u00e9e isra\u00e9lienne d&#8217;emp\u00eacher l\u2019arriv\u00e9e \u00e0 Gaza du Convoi Maghr\u00e9bin de la R\u00e9silience et tent\u00e9 de presser l\u2019\u00c9gypte pour faire de m\u00eame.<\/p>\n<p class=\"selectionShareable\">\u2018\u2019J&#8217;ai donn\u00e9 instruction \u00e0 l&#8217;arm\u00e9e isra\u00e9lienne d&#8217;emp\u00eacher l\u2019arriv\u00e9e de manifestants djihadistes \u00e0 Gaza\u2019\u2019, a indiqu\u00e9 Isra\u00ebl Katz, dans un communiqu\u00e9 publi\u00e9 par ses services.<\/p>\n<p class=\"selectionShareable\">\u2018\u2019J&#8217;attends des autorit\u00e9s \u00e9gyptiennes qu&#8217;elles emp\u00eachent l&#8217;arriv\u00e9e de manifestants jihadistes \u00e0 la fronti\u00e8re isra\u00e9lo-\u00e9gyptienne et qu&#8217;elles ne les autorisent pas \u00e0 se livrer \u00e0 des provocations ou \u00e0 tenter d&#8217;entrer dans la bande de Gaza, un acte qui mettrait en p\u00e9ril la s\u00e9curit\u00e9 des soldats (isra\u00e9liens) et qui ne sera pas autoris\u00e9\u2019\u2019, a ajout\u00e9 le ministre isra\u00e9lien de la D\u00e9fense.<\/p>\n<p class=\"selectionShareable\">Isra\u00ebl Katz avait \u00e9galement d\u00e9clar\u00e9 que les militants du Convoi Maghr\u00e9bin de la R\u00e9silience \u2018\u2019repr\u00e9sentent \u00e9galement un danger pour le r\u00e9gime \u00e9gyptien et une menace pour tous les r\u00e9gimes arabes mod\u00e9r\u00e9s de la r\u00e9gion.\u2019\u2019<\/p>\n<p class=\"selectionShareable\">Il avait ajout\u00e9 que ces militants Maghr\u00e9bins propalestiniens souhaitaient s\u2019engager avec le Hamas et lui apporter leur soutien.<\/p>\n<p class=\"selectionShareable\">Samedi, la Coordination tunisienne de l&#8217;action commune pour la Palestine a d\u00e9clar\u00e9 que le convoi comprenait des milliers de volontaires r\u00e9clamant la fin de la guerre g\u00e9nocidaire isra\u00e9lienne, la lev\u00e9e du blocus et l&#8217;acheminement de l&#8217;aide humanitaire \u00e0 la population de la Bande de Gaza.<\/p>\n<p class=\"selectionShareable\">Lundi matin, le Convoi Maghr\u00e9bin de la R\u00e9silience a pris son d\u00e9part de la capitale tunisienne, Tunis, en direction de la bande de Gaza, pour tenter de briser le blocus impos\u00e9 par Isra\u00ebl \u00e0 l\u2019enclave palestinienne et en solidarit\u00e9 avec le peuple palestinien. Des centaines de militants y prennent part.<\/p>\n<p class=\"selectionShareable\">Le convoi a \u00e9t\u00e9 accueilli, mercredi, par une foule enthousiaste \u00e0 Tripoli, la capitale libyenne, avant de rallier la ville de Zaou\u00efa, dans le nord-ouest de la Libye, le jour m\u00eame. Il devrait parcourir l\u2019est de la Libye, avant d\u2019entrer en Egypte en fin de semaine.<\/p>\n<p>aa.com.tr<\/p>\n","protected":false},"excerpt":{"rendered":"<p>Selon Nabil al-Chanoufi, un porte-parole du Convoi Maghr\u00e9bin de la R\u00e9silience, parti de Tunis pour briser le si\u00e8ge de Gaza, lors d&#8217;un entretien t\u00e9l\u00e9phonique avec l&#8217;Agence Anadolu. &nbsp; Le Convoi Maghr\u00e9bin de la R\u00e9silience est arriv\u00e9, jeudi 12 juin, aux portes de la ville libyenne de Misrata. Le convoi parti de Tunis lundi pour briser &hellip;<\/p>\n","protected":false},"author":2,"featured_media":16252,"comment_status":"open","ping_status":"open","sticky":false,"template":"","format":"standard","meta":{"footnotes":""},"categories":[18,33,29],"tags":[],"class_list":["post-16251","post","type-post","status-publish","format-standard","has-post-thumbnail","hentry","category-actualites","category-eg","category-monde"],"_links":{"self":[{"href":"https:\/\/ladepeche.mr\/index.php?rest_route=\/wp\/v2\/posts\/16251","targetHints":{"allow":["GET"]}}],"collection":[{"href":"https:\/\/ladepeche.mr\/index.php?rest_route=\/wp\/v2\/posts"}],"about":[{"href":"https:\/\/ladepeche.mr\/index.php?rest_route=\/wp\/v2\/types\/post"}],"author":[{"embeddable":true,"href":"https:\/\/ladepeche.mr\/index.php?rest_route=\/wp\/v2\/users\/2"}],"replies":[{"embeddable":true,"href":"https:\/\/ladepeche.mr\/index.php?rest_route=%2Fwp%2Fv2%2Fcomments&post=16251"}],"version-history":[{"count":1,"href":"https:\/\/ladepeche.mr\/index.php?rest_route=\/wp\/v2\/posts\/16251\/revisions"}],"predecessor-version":[{"id":16253,"href":"https:\/\/ladepeche.mr\/index.php?rest_route=\/wp\/v2\/posts\/16251\/revisions\/16253"}],"wp:featuredmedia":[{"embeddable":true,"href":"https:\/\/ladepeche.mr\/index.php?rest_route=\/wp\/v2\/media\/16252"}],"wp:attachment":[{"href":"https:\/\/ladepeche.mr\/index.php?rest_route=%2Fwp%2Fv2%2Fmedia&parent=16251"}],"wp:term":[{"taxonomy":"category","embeddable":true,"href":"https:\/\/ladepeche.mr\/index.php?rest_route=%2Fwp%2Fv2%2Fcategories&post=16251"},{"taxonomy":"post_tag","embeddable":true,"href":"https:\/\/ladepeche.mr\/index.php?rest_route=%2Fwp%2Fv2%2Ftags&post=16251"}],"curies":[{"name":"wp","href":"https:\/\/api.w.org\/{rel}","templated":true}]}}