{"id":16255,"date":"2025-06-12T23:36:08","date_gmt":"2025-06-12T23:36:08","guid":{"rendered":"https:\/\/ladepeche.mr\/?p=16255"},"modified":"2025-06-12T23:36:08","modified_gmt":"2025-06-12T23:36:08","slug":"nucleaire-donald-trump-dit-continuer-a-croire-en-une-solution-diplomatique-avec-liran","status":"publish","type":"post","link":"https:\/\/ladepeche.mr\/?p=16255","title":{"rendered":"Nucl\u00e9aire : Donald Trump dit continuer \u00e0 croire en une solution diplomatique avec l&#8217;Iran"},"content":{"rendered":"<p>Donald Trump a affirm\u00e9 jeudi qu&#8217;il restait\u00a0&#8220;engag\u00e9 \u00e0 r\u00e9gler de mani\u00e8re diplomatique la question du nucl\u00e9aire iranien&#8221;. Le m\u00eame jour,\u00a0l&#8217;Iran s&#8217;est dit d\u00e9termin\u00e9 \u00e0 augmenter de mani\u00e8re &#8220;significative&#8221; sa production d&#8217;uranium enrichi, annon\u00e7ant la prochaine construction d&#8217;un nouveau site d&#8217;enrichissement.\u00a0Un sixi\u00e8me cycle de n\u00e9gociations entre T\u00e9h\u00e9ran et Washington est pr\u00e9vu dimanche \u00e0 Mascate sous m\u00e9diation omanaise.<\/p>\n<p>Donald Trump temporise. Le pr\u00e9sident am\u00e9ricain a assur\u00e9 jeudi 12 juin rester pleinement &#8220;engag\u00e9&#8221; en faveur d&#8217;une solution diplomatique sur le nucl\u00e9aire iranien, au moment o\u00f9 la <a href=\"https:\/\/www.france24.com\/fr\/info-en-continu\/20250612-nucl%C3%A9aire-l-iran-fait-monter-la-tension-avant-des-pourparlers-avec-les-etats-unis\" target=\"_self\">tension monte au Moyen-Orient par crainte d&#8217;une possible attaque isra\u00e9lienne imminente<\/a>.<\/p>\n<p>&#8220;Tout mon gouvernement a re\u00e7u pour instruction de n\u00e9gocier avec l&#8217;<a class=\"gtm-add-suggested-tag\" href=\"https:\/\/www.france24.com\/fr\/tag\/iran\/\" target=\"_self\">Iran<\/a>. Ils pourraient \u00eatre un grand pays, mais d&#8217;abord ils doivent compl\u00e8tement abandonner l&#8217;espoir d&#8217;avoir l&#8217;arme nucl\u00e9aire&#8221;, a affirm\u00e9 le pr\u00e9sident am\u00e9ricain sur son r\u00e9seau Truth Social, en disant rester &#8220;engag\u00e9 \u00e0 r\u00e9gler de mani\u00e8re diplomatique la question du nucl\u00e9aire iranien&#8221;.<\/p>\n<p>Auparavant, il a reconnu qu&#8217;une frappe isra\u00e9lienne contre l&#8217;Iran &#8220;pourrait tr\u00e8s bien se produire&#8221;, et indiqu\u00e9 que le risque d&#8217;un &#8220;conflit massif&#8221; au <a class=\"gtm-add-suggested-tag\" href=\"https:\/\/www.france24.com\/fr\/tag\/moyen-orient\/\" target=\"_self\">Moyen-Orient<\/a> avait conduit les <a class=\"gtm-add-suggested-tag\" href=\"https:\/\/www.france24.com\/fr\/tag\/%C3%A9tats-unis\/\" target=\"_self\">\u00c9tats-Unis<\/a> \u00e0 <a href=\"https:\/\/www.france24.com\/fr\/info-en-continu\/20250611-nucl%C3%A9aire-l-iran-menace-de-cibler-les-bases-am%C3%A9ricaines-au-moyen-orient-en-cas-de-conflit\" target=\"_self\">r\u00e9duire leur personnel diplomatique dans la r\u00e9gion<\/a>, en <a class=\"gtm-add-suggested-tag\" href=\"https:\/\/www.france24.com\/fr\/tag\/irak\/\" target=\"_self\">Irak<\/a>notamment.\u00a0Malgr\u00e9 tout, &#8220;nous sommes assez proches d&#8217;un bon accord&#8221; sur le nucl\u00e9aire iranien.<\/p>\n<p>Interrog\u00e9 sur ses discussions avec le Premier ministre isra\u00e9lien <a class=\"gtm-add-suggested-tag\" href=\"https:\/\/www.france24.com\/fr\/tag\/benjamin-netanyahu\/\" target=\"_self\">Benjamin Netanyahu<\/a>, Donald Trump a r\u00e9pondu : &#8220;Je ne veux pas qu&#8217;ils interviennent, parce que je pense que cela ferait tout capoter&#8221;.\u00a0Selon des m\u00e9dias am\u00e9ricains, dont le New York Times et NBC News, <a class=\"gtm-add-suggested-tag\" href=\"https:\/\/www.france24.com\/fr\/tag\/isra%C3%ABl\/\" target=\"_self\">Isra\u00ebl<\/a> semble pr\u00e9parer une attaque imminente contre l&#8217;Iran.<\/p>\n<p>&#8220;J&#8217;aimerais \u00e9viter le conflit. L&#8217;Iran va devoir n\u00e9gocier un peu plus durement, c&#8217;est-\u00e0-dire qu&#8217;il va devoir nous donner certaines choses qu&#8217;il n&#8217;est pas pr\u00eat \u00e0 nous donner pour l&#8217;instant&#8221;, a encore affirm\u00e9 Donald Trump. Un sixi\u00e8me cycle de n\u00e9gociations entre l&#8217;Iran et les \u00c9tats-Unis est pr\u00e9vu dimanche \u00e0 Mascate sous m\u00e9diation omanaise.<\/p>\n<h2>Retarder une confrontation<\/h2>\n<p>Un peu plus t\u00f4t, l&#8217;Iran s&#8217;\u00e9tait dit d<a href=\"https:\/\/www.france24.com\/fr\/info-en-continu\/20250612-nucl%C3%A9aire-l-iran-fait-monter-la-tension-avant-des-pourparlers-avec-les-etats-unis\" target=\"_self\">\u00e9termin\u00e9 \u00e0 augmenter de mani\u00e8re &#8220;significative&#8221; sa production d&#8217;uranium<\/a> enrichi, annon\u00e7ant la prochaine construction d&#8217;un nouveau site d&#8217;enrichissement. T\u00e9h\u00e9ran r\u00e9agit ainsi \u00e0 l&#8217;adoption jeudi par l&#8217;Agence internationale de l&#8217;\u00e9nergie atomique (<a class=\"gtm-add-suggested-tag\" href=\"https:\/\/www.france24.com\/fr\/tag\/aiea\/\" target=\"_self\">AIEA<\/a>) d&#8217;une r\u00e9solution le condamnant pour &#8220;non-respect&#8221; de ses obligations en mati\u00e8re nucl\u00e9aire.<\/p>\n<p>Les Occidentaux et Isra\u00ebl accusent l&#8217;Iran de chercher \u00e0 se doter de l&#8217;arme atomique, ce que T\u00e9h\u00e9ran d\u00e9ment. T\u00e9h\u00e9ran avait menac\u00e9 mercredi de frapper les bases militaires am\u00e9ricaines au Moyen-Orient en cas de conflit apr\u00e8s un \u00e9ventuel \u00e9chec des n\u00e9gociations.\u00a0&#8220;Si les pourparlers \u00e9chouent, le risque d&#8217;une escalade militaire devient beaucoup plus imm\u00e9diat&#8221;, estime Hamidreza Azizi, chercheur \u00e0 l&#8217;Institut allemand des affaires internationales et de s\u00e9curit\u00e9.<\/p>\n<p>L&#8217;enrichissement de l&#8217;uranium est la principale pierre d&#8217;achoppement dans ces discussions visant \u00e0 encadrer le programme nucl\u00e9aire iranien en \u00e9change d&#8217;une lev\u00e9e des lourdes sanctions impos\u00e9es \u00e0 l&#8217;Iran. Washington exige que l&#8217;Iran y renonce totalement, ce que T\u00e9h\u00e9ran\u00a0refuse, y voyant un droit &#8220;non n\u00e9gociable&#8221;.<\/p>\n<p>&#8220;Bien qu&#8217;il soit possible que la d\u00e9monstration de force des \u00c9tats-Unis et d&#8217;Isra\u00ebl soit destin\u00e9e \u00e0 cr\u00e9er une pression menant \u00e0 une perc\u00e9e diplomatique, les enjeux sont tr\u00e8s \u00e9lev\u00e9s et les deux parties semblent camper sur leurs positions&#8221;, a soulign\u00e9 Hamidreza Azizi.\u00a0&#8220;Sans progr\u00e8s sur les demandes essentielles, la diplomatie pourrait seulement retarder, et non pr\u00e9venir, une confrontation&#8221;, a-t-il ajout\u00e9.<\/p>\n<p><em>Avec AFP<\/em><\/p>\n<p>france24.com<\/p>\n","protected":false},"excerpt":{"rendered":"<p>Donald Trump a affirm\u00e9 jeudi qu&#8217;il restait\u00a0&#8220;engag\u00e9 \u00e0 r\u00e9gler de mani\u00e8re diplomatique la question du nucl\u00e9aire iranien&#8221;. Le m\u00eame jour,\u00a0l&#8217;Iran s&#8217;est dit d\u00e9termin\u00e9 \u00e0 augmenter de mani\u00e8re &#8220;significative&#8221; sa production d&#8217;uranium enrichi, annon\u00e7ant la prochaine construction d&#8217;un nouveau site d&#8217;enrichissement.\u00a0Un sixi\u00e8me cycle de n\u00e9gociations entre T\u00e9h\u00e9ran et Washington est pr\u00e9vu dimanche \u00e0 Mascate sous m\u00e9diation &hellip;<\/p>\n","protected":false},"author":2,"featured_media":16256,"comment_status":"open","ping_status":"open","sticky":false,"template":"","format":"standard","meta":{"footnotes":""},"categories":[18,29],"tags":[],"class_list":["post-16255","post","type-post","status-publish","format-standard","has-post-thumbnail","hentry","category-actualites","category-monde"],"_links":{"self":[{"href":"https:\/\/ladepeche.mr\/index.php?rest_route=\/wp\/v2\/posts\/16255","targetHints":{"allow":["GET"]}}],"collection":[{"href":"https:\/\/ladepeche.mr\/index.php?rest_route=\/wp\/v2\/posts"}],"about":[{"href":"https:\/\/ladepeche.mr\/index.php?rest_route=\/wp\/v2\/types\/post"}],"author":[{"embeddable":true,"href":"https:\/\/ladepeche.mr\/index.php?rest_route=\/wp\/v2\/users\/2"}],"replies":[{"embeddable":true,"href":"https:\/\/ladepeche.mr\/index.php?rest_route=%2Fwp%2Fv2%2Fcomments&post=16255"}],"version-history":[{"count":1,"href":"https:\/\/ladepeche.mr\/index.php?rest_route=\/wp\/v2\/posts\/16255\/revisions"}],"predecessor-version":[{"id":16257,"href":"https:\/\/ladepeche.mr\/index.php?rest_route=\/wp\/v2\/posts\/16255\/revisions\/16257"}],"wp:featuredmedia":[{"embeddable":true,"href":"https:\/\/ladepeche.mr\/index.php?rest_route=\/wp\/v2\/media\/16256"}],"wp:attachment":[{"href":"https:\/\/ladepeche.mr\/index.php?rest_route=%2Fwp%2Fv2%2Fmedia&parent=16255"}],"wp:term":[{"taxonomy":"category","embeddable":true,"href":"https:\/\/ladepeche.mr\/index.php?rest_route=%2Fwp%2Fv2%2Fcategories&post=16255"},{"taxonomy":"post_tag","embeddable":true,"href":"https:\/\/ladepeche.mr\/index.php?rest_route=%2Fwp%2Fv2%2Ftags&post=16255"}],"curies":[{"name":"wp","href":"https:\/\/api.w.org\/{rel}","templated":true}]}}