{"id":16266,"date":"2025-06-13T10:15:30","date_gmt":"2025-06-13T10:15:30","guid":{"rendered":"https:\/\/ladepeche.mr\/?p=16266"},"modified":"2025-06-13T10:15:30","modified_gmt":"2025-06-13T10:15:30","slug":"israel-evacue-laeroport-ben-gourion-apres-des-frappes-de-drones-iraniens","status":"publish","type":"post","link":"https:\/\/ladepeche.mr\/?p=16266","title":{"rendered":"Isra\u00ebl \u00e9vacue l\u2019a\u00e9roport Ben Gourion apr\u00e8s des frappes de drones iraniens"},"content":{"rendered":"<h4>Des avions de passagers vides ont \u00e9t\u00e9 redirig\u00e9s vers d\u2019autres a\u00e9roports, selon la radio militaire isra\u00e9lienne.<\/h4>\n<p class=\"selectionShareable\">Isra\u00ebl a \u00e9vacu\u00e9 vendredi l\u2019a\u00e9roport international Ben Gourion \u00e0 la suite de frappes de drones men\u00e9es par l\u2019Iran en repr\u00e9sailles.<\/p>\n<p class=\"selectionShareable\">La radio de l\u2019arm\u00e9e isra\u00e9lienne a indiqu\u00e9 que des avions de passagers vides avaient \u00e9t\u00e9 transf\u00e9r\u00e9s vers d\u2019autres a\u00e9roports du pays.<\/p>\n<p class=\"selectionShareable\">Selon la cha\u00eene isra\u00e9lienne Channel 12, le public a \u00e9t\u00e9 pri\u00e9 de ne pas se rendre \u00e0 l\u2019a\u00e9roport \u2013 le plus grand d\u2019Isra\u00ebl \u2013 jusqu\u2019\u00e0 nouvel ordre.<\/p>\n","protected":false},"excerpt":{"rendered":"<p>Des avions de passagers vides ont \u00e9t\u00e9 redirig\u00e9s vers d\u2019autres a\u00e9roports, selon la radio militaire isra\u00e9lienne. Isra\u00ebl a \u00e9vacu\u00e9 vendredi l\u2019a\u00e9roport international Ben Gourion \u00e0 la suite de frappes de drones men\u00e9es par l\u2019Iran en repr\u00e9sailles. La radio de l\u2019arm\u00e9e isra\u00e9lienne a indiqu\u00e9 que des avions de passagers vides avaient \u00e9t\u00e9 transf\u00e9r\u00e9s vers d\u2019autres a\u00e9roports &hellip;<\/p>\n","protected":false},"author":2,"featured_media":16267,"comment_status":"open","ping_status":"open","sticky":false,"template":"","format":"standard","meta":{"footnotes":""},"categories":[18,29],"tags":[],"class_list":["post-16266","post","type-post","status-publish","format-standard","has-post-thumbnail","hentry","category-actualites","category-monde"],"_links":{"self":[{"href":"https:\/\/ladepeche.mr\/index.php?rest_route=\/wp\/v2\/posts\/16266","targetHints":{"allow":["GET"]}}],"collection":[{"href":"https:\/\/ladepeche.mr\/index.php?rest_route=\/wp\/v2\/posts"}],"about":[{"href":"https:\/\/ladepeche.mr\/index.php?rest_route=\/wp\/v2\/types\/post"}],"author":[{"embeddable":true,"href":"https:\/\/ladepeche.mr\/index.php?rest_route=\/wp\/v2\/users\/2"}],"replies":[{"embeddable":true,"href":"https:\/\/ladepeche.mr\/index.php?rest_route=%2Fwp%2Fv2%2Fcomments&post=16266"}],"version-history":[{"count":1,"href":"https:\/\/ladepeche.mr\/index.php?rest_route=\/wp\/v2\/posts\/16266\/revisions"}],"predecessor-version":[{"id":16268,"href":"https:\/\/ladepeche.mr\/index.php?rest_route=\/wp\/v2\/posts\/16266\/revisions\/16268"}],"wp:featuredmedia":[{"embeddable":true,"href":"https:\/\/ladepeche.mr\/index.php?rest_route=\/wp\/v2\/media\/16267"}],"wp:attachment":[{"href":"https:\/\/ladepeche.mr\/index.php?rest_route=%2Fwp%2Fv2%2Fmedia&parent=16266"}],"wp:term":[{"taxonomy":"category","embeddable":true,"href":"https:\/\/ladepeche.mr\/index.php?rest_route=%2Fwp%2Fv2%2Fcategories&post=16266"},{"taxonomy":"post_tag","embeddable":true,"href":"https:\/\/ladepeche.mr\/index.php?rest_route=%2Fwp%2Fv2%2Ftags&post=16266"}],"curies":[{"name":"wp","href":"https:\/\/api.w.org\/{rel}","templated":true}]}}