{"id":16269,"date":"2025-06-13T17:59:15","date_gmt":"2025-06-13T17:59:15","guid":{"rendered":"https:\/\/ladepeche.mr\/?p=16269"},"modified":"2025-06-13T17:59:15","modified_gmt":"2025-06-13T17:59:15","slug":"le-royaume-uni-qualifie-la-frappe-aerienne-israelienne-contre-liran-de-moment-dangereux","status":"publish","type":"post","link":"https:\/\/ladepeche.mr\/?p=16269","title":{"rendered":"Le Royaume-Uni qualifie la frappe a\u00e9rienne isra\u00e9lienne contre l&#8217;Iran de &#8220;moment dangereux&#8221;"},"content":{"rendered":"<h4>&#8220;La stabilit\u00e9 au Moyen-Orient est essentielle pour la s\u00e9curit\u00e9 mondiale&#8221;, a d\u00e9clar\u00e9 le ministre britannique des Affaires \u00e9trang\u00e8res, David Lammy, appelant toutes les parties \u00e0 faire preuve de retenue.<\/h4>\n<p class=\"selectionShareable\">Le ministre britannique des Affaires \u00e9trang\u00e8res, David Lammy, a qualifi\u00e9 vendredi les attaques nocturnes d&#8217;Isra\u00ebl en Iran de &#8220;moment dangereux&#8221;, exhortant toutes les parties \u00e0 faire preuve de retenue.<\/p>\n<p class=\"selectionShareable\">Dans un message publi\u00e9 sur X, Lammy a \u00e9crit : &#8220;La stabilit\u00e9 au Moyen-Orient est essentielle pour la s\u00e9curit\u00e9 mondiale&#8221;.<\/p>\n<p class=\"selectionShareable\">Il s&#8217;est dit &#8220;pr\u00e9occup\u00e9 par les informations faisant \u00e9tat d&#8217;attaques nocturnes&#8221;, ajoutant qu'&#8221;une nouvelle escalade constituerait une menace s\u00e9rieuse pour la paix et la stabilit\u00e9 dans la r\u00e9gion et ne serait dans l&#8217;int\u00e9r\u00eat de personne&#8221;.<\/p>\n<p class=\"selectionShareable\">Faisant \u00e9cho \u00e0 Lammy, le Premier ministre Keir Starmer a \u00e9galement appel\u00e9 \u00e0 la retenue.<\/p>\n<p class=\"selectionShareable\">&#8220;L&#8217;escalade ne sert personne dans la r\u00e9gion&#8221;, a-t-il \u00e9crit sur X.<\/p>\n<p class=\"selectionShareable\">&#8220;La stabilit\u00e9 au Moyen-Orient doit \u00eatre la priorit\u00e9 et nous engageons nos partenaires \u00e0 d\u00e9samorcer la situation. L&#8217;heure est \u00e0 la retenue, au calme et au retour \u00e0 la diplomatie&#8221;, a-t-il ajout\u00e9.<\/p>\n<p class=\"selectionShareable\">Isra\u00ebl a lanc\u00e9 vendredi une op\u00e9ration militaire de grande envergure contre l&#8217;Iran, avec des frappes visant son programme nucl\u00e9aire et ses capacit\u00e9s en mati\u00e8re de missiles \u00e0 longue port\u00e9e, a rapport\u00e9 la radio de l&#8217;arm\u00e9e isra\u00e9lienne.<\/p>\n<p class=\"selectionShareable\">Le Premier ministre isra\u00e9lien Benjamin Netanyahu a d\u00e9clar\u00e9 dans un discours publi\u00e9 sur YouTube que ses forces avaient frapp\u00e9 &#8220;le c\u0153ur du programme d&#8217;armement nucl\u00e9aire iranien&#8221;.<\/p>\n<p class=\"selectionShareable\">Netanyahu a d\u00e9crit ces attaques comme une &#8220;op\u00e9ration militaire cibl\u00e9e visant \u00e0 faire reculer la menace iranienne qui p\u00e8se sur la survie m\u00eame d&#8217;Isra\u00ebl&#8221;.<\/p>\n<p class=\"selectionShareable\">Isra\u00ebl a d\u00e9clar\u00e9 l&#8217;\u00e9tat d&#8217;urgence dans tout le pays et ferm\u00e9 son espace a\u00e9rien, d\u00e9tournant tous les vols vers d&#8217;autres pays, ont rapport\u00e9 les m\u00e9dias h\u00e9bra\u00efques.<\/p>\n<p class=\"selectionShareable\">Au total, 200 avions isra\u00e9liens ont frapp\u00e9 l&#8217;Iran lors de l&#8217;attaque men\u00e9e t\u00f4t vendredi matin, a d\u00e9clar\u00e9 l&#8217;arm\u00e9e isra\u00e9lienne.<\/p>\n<p class=\"selectionShareable\">Le brigadier g\u00e9n\u00e9ral Effie Defrin, porte-parole de l&#8217;arm\u00e9e, a d\u00e9clar\u00e9 que 200 avions isra\u00e9liens avaient largu\u00e9 330 munitions pendant les frappes.<\/p>\n<p class=\"selectionShareable\">En r\u00e9ponse, l&#8217;Iran a lanc\u00e9 plus de 100 drones vers Isra\u00ebl au cours des derni\u00e8res heures, et les efforts d&#8217;interception se poursuivent, a ajout\u00e9 le porte-parole.<\/p>\n<p>aa.com.tr<\/p>\n","protected":false},"excerpt":{"rendered":"<p>&#8220;La stabilit\u00e9 au Moyen-Orient est essentielle pour la s\u00e9curit\u00e9 mondiale&#8221;, a d\u00e9clar\u00e9 le ministre britannique des Affaires \u00e9trang\u00e8res, David Lammy, appelant toutes les parties \u00e0 faire preuve de retenue. Le ministre britannique des Affaires \u00e9trang\u00e8res, David Lammy, a qualifi\u00e9 vendredi les attaques nocturnes d&#8217;Isra\u00ebl en Iran de &#8220;moment dangereux&#8221;, exhortant toutes les parties \u00e0 faire &hellip;<\/p>\n","protected":false},"author":2,"featured_media":16270,"comment_status":"open","ping_status":"open","sticky":false,"template":"","format":"standard","meta":{"footnotes":""},"categories":[18,29],"tags":[],"class_list":["post-16269","post","type-post","status-publish","format-standard","has-post-thumbnail","hentry","category-actualites","category-monde"],"_links":{"self":[{"href":"https:\/\/ladepeche.mr\/index.php?rest_route=\/wp\/v2\/posts\/16269","targetHints":{"allow":["GET"]}}],"collection":[{"href":"https:\/\/ladepeche.mr\/index.php?rest_route=\/wp\/v2\/posts"}],"about":[{"href":"https:\/\/ladepeche.mr\/index.php?rest_route=\/wp\/v2\/types\/post"}],"author":[{"embeddable":true,"href":"https:\/\/ladepeche.mr\/index.php?rest_route=\/wp\/v2\/users\/2"}],"replies":[{"embeddable":true,"href":"https:\/\/ladepeche.mr\/index.php?rest_route=%2Fwp%2Fv2%2Fcomments&post=16269"}],"version-history":[{"count":1,"href":"https:\/\/ladepeche.mr\/index.php?rest_route=\/wp\/v2\/posts\/16269\/revisions"}],"predecessor-version":[{"id":16271,"href":"https:\/\/ladepeche.mr\/index.php?rest_route=\/wp\/v2\/posts\/16269\/revisions\/16271"}],"wp:featuredmedia":[{"embeddable":true,"href":"https:\/\/ladepeche.mr\/index.php?rest_route=\/wp\/v2\/media\/16270"}],"wp:attachment":[{"href":"https:\/\/ladepeche.mr\/index.php?rest_route=%2Fwp%2Fv2%2Fmedia&parent=16269"}],"wp:term":[{"taxonomy":"category","embeddable":true,"href":"https:\/\/ladepeche.mr\/index.php?rest_route=%2Fwp%2Fv2%2Fcategories&post=16269"},{"taxonomy":"post_tag","embeddable":true,"href":"https:\/\/ladepeche.mr\/index.php?rest_route=%2Fwp%2Fv2%2Ftags&post=16269"}],"curies":[{"name":"wp","href":"https:\/\/api.w.org\/{rel}","templated":true}]}}