{"id":16272,"date":"2025-06-13T18:10:10","date_gmt":"2025-06-13T18:10:10","guid":{"rendered":"https:\/\/ladepeche.mr\/?p=16272"},"modified":"2025-06-13T18:10:10","modified_gmt":"2025-06-13T18:10:10","slug":"decret-presidentiel-de-grace-pour-113-prisonniers","status":"publish","type":"post","link":"https:\/\/ladepeche.mr\/?p=16272","title":{"rendered":"D\u00e9cret pr\u00e9sidentiel de gr\u00e2ce pour 113 prisonniers"},"content":{"rendered":"<p>La Pr\u00e9sidence de la R\u00e9publique a annonc\u00e9 qu\u2019\u00e0 l\u2019occasion de l\u2019A\u00efd al-Adha de l\u2019an 1446 de l\u2019H\u00e9gire, et conform\u00e9ment aux dispositions de l\u2019article 37 de la Constitution, Son Excellence le Pr\u00e9sident de la R\u00e9publique M. Mohamed Ould Cheikh El Ghazouani a \u00e9mis un d\u00e9cret r\u00e9duisant d\u2019un (1) an ferme la peine privative de libert\u00e9 pour tout d\u00e9tenu dont la condamnation est devenue d\u00e9finitive avant le 01-06-2025.<\/p>\n<p>Sont exclus de cette r\u00e9duction les condamn\u00e9s pour les crimes li\u00e9s au meurtre d\u00e9lib\u00e9r\u00e9, au terrorisme, au brigandage, au viol, \u00e0 la traite des \u00eatres humains et aux pratiques esclavagistes, \u00e0 l\u2019incitation \u00e0 la haine et \u00e0 la discrimination, au trafic de migrants, au d\u00e9tournement et \u00e0 la dilapidation de fonds publics, \u00e0 la contrefa\u00e7on de monnaie, ou au transport, \u00e0 l\u2019importation, \u00e0 l\u2019exportation, \u00e0 l\u2019achat, \u00e0 la vente, au courtage ou \u00e0 la possession de drogues dangereuses.<\/p>\n<p>Ne sont pas concern\u00e9s non plus par cette r\u00e9duction les prisonniers qui ont d\u00e9j\u00e0 b\u00e9n\u00e9fici\u00e9 d\u2019une r\u00e9duction de peine privative de libert\u00e9 au cours des trois derni\u00e8res ann\u00e9es.<\/p>\n<p>Cette gr\u00e2ce concerne 113 prisonniers, entre lib\u00e9ration imm\u00e9diate et acc\u00e9l\u00e9ration de la date de lib\u00e9ration d\u2019une ann\u00e9e compl\u00e8te pour le reste des b\u00e9n\u00e9ficiaires.<br \/>\nAmi<\/p>\n","protected":false},"excerpt":{"rendered":"<p>La Pr\u00e9sidence de la R\u00e9publique a annonc\u00e9 qu\u2019\u00e0 l\u2019occasion de l\u2019A\u00efd al-Adha de l\u2019an 1446 de l\u2019H\u00e9gire, et conform\u00e9ment aux dispositions de l\u2019article 37 de la Constitution, Son Excellence le Pr\u00e9sident de la R\u00e9publique M. Mohamed Ould Cheikh El Ghazouani a \u00e9mis un d\u00e9cret r\u00e9duisant d\u2019un (1) an ferme la peine privative de libert\u00e9 pour &hellip;<\/p>\n","protected":false},"author":2,"featured_media":9371,"comment_status":"open","ping_status":"open","sticky":false,"template":"","format":"standard","meta":{"footnotes":""},"categories":[18],"tags":[],"class_list":["post-16272","post","type-post","status-publish","format-standard","has-post-thumbnail","hentry","category-actualites"],"_links":{"self":[{"href":"https:\/\/ladepeche.mr\/index.php?rest_route=\/wp\/v2\/posts\/16272","targetHints":{"allow":["GET"]}}],"collection":[{"href":"https:\/\/ladepeche.mr\/index.php?rest_route=\/wp\/v2\/posts"}],"about":[{"href":"https:\/\/ladepeche.mr\/index.php?rest_route=\/wp\/v2\/types\/post"}],"author":[{"embeddable":true,"href":"https:\/\/ladepeche.mr\/index.php?rest_route=\/wp\/v2\/users\/2"}],"replies":[{"embeddable":true,"href":"https:\/\/ladepeche.mr\/index.php?rest_route=%2Fwp%2Fv2%2Fcomments&post=16272"}],"version-history":[{"count":1,"href":"https:\/\/ladepeche.mr\/index.php?rest_route=\/wp\/v2\/posts\/16272\/revisions"}],"predecessor-version":[{"id":16273,"href":"https:\/\/ladepeche.mr\/index.php?rest_route=\/wp\/v2\/posts\/16272\/revisions\/16273"}],"wp:featuredmedia":[{"embeddable":true,"href":"https:\/\/ladepeche.mr\/index.php?rest_route=\/wp\/v2\/media\/9371"}],"wp:attachment":[{"href":"https:\/\/ladepeche.mr\/index.php?rest_route=%2Fwp%2Fv2%2Fmedia&parent=16272"}],"wp:term":[{"taxonomy":"category","embeddable":true,"href":"https:\/\/ladepeche.mr\/index.php?rest_route=%2Fwp%2Fv2%2Fcategories&post=16272"},{"taxonomy":"post_tag","embeddable":true,"href":"https:\/\/ladepeche.mr\/index.php?rest_route=%2Fwp%2Fv2%2Ftags&post=16272"}],"curies":[{"name":"wp","href":"https:\/\/api.w.org\/{rel}","templated":true}]}}