{"id":16277,"date":"2025-06-15T15:22:54","date_gmt":"2025-06-15T15:22:54","guid":{"rendered":"https:\/\/ladepeche.mr\/?p=16277"},"modified":"2025-06-15T15:24:57","modified_gmt":"2025-06-15T15:24:57","slug":"un-mauritanien-le-dr-sidi-ould-tah-elu-a-la-tete-de-la-bad","status":"publish","type":"post","link":"https:\/\/ladepeche.mr\/?p=16277","title":{"rendered":"Un Mauritanien, le Dr Sidi Ould Tah, \u00e9lu \u00e0 la t\u00eate de la BAD"},"content":{"rendered":"<p style=\"text-align: left;\"><strong>Apr\u00e8s l\u2019\u00e9conomie et le social, la diplomatie<\/strong><\/p>\n<p>Les appels me sont venus d\u2019un peu partout pour me f\u00e9liciter du succ\u00e8s diplomatique de la Mauritanie, suite \u00e0 l\u2019\u00e9lection du Dr Sidi Ould Tah \u00e0 la t\u00eate de la Banque africaine de d\u00e9veloppement. En voici un, venu du Cameroun, qui r\u00e9sume la tonalit\u00e9 de tous :<br \/>\n\u00ab Bonsoir cher fr\u00e8re Jemal, je te dis f\u00e9licitations pour la haute diplomatie mauritanienne, en ce qui concerne l\u2019\u00e9lection du fr\u00e8re mauritanien \u00e0 la t\u00eate de la Banque africaine de d\u00e9veloppement. Je sais que c\u2019est une grosse mobilisation de votre diplomatie\u2026 pour arriver \u00e0 ce r\u00e9sultat politique d\u2019envergure. \u00bb<\/p>\n<p>Une chose en rappelant une autre, j\u2019ai pens\u00e9 \u00e0 la proph\u00e9tie d\u2019un autre Camerounais, mon ami Gaston Kelman. Dans le livre\u00a0<em>Les hirondelles du printemps africain<\/em>, qu\u2019il a consacr\u00e9 \u00e0 la Mauritanie il y a une vingtaine d\u2019ann\u00e9es, il pr\u00e9sentait ce pays comme un de ces volatiles dont rien n\u2019arr\u00eaterait plus l\u2019essor. Son amour de la Mauritanie le rend parfois aveugle, au point de ne plus \u00eatre objectif.<\/p>\n<p>Le dernier succ\u00e8s mirobolant de la diplomatie mauritanienne, illustr\u00e9 par l\u2019\u00e9lection d\u2019un citoyen de ce pays \u00e0 la t\u00eate de la BAD, est le troisi\u00e8me \u00e9tage de cette fus\u00e9e, qui a connu un certain succ\u00e8s dans les secteurs \u00e9conomique et social, auxquels on peut ajouter sa stabilit\u00e9 politique. Depuis le d\u00e9but des ann\u00e9es 2000, les progr\u00e8s r\u00e9alis\u00e9s par ce pays surprennent tous les observateurs.<\/p>\n<p>Avec l\u2019accession du Docteur Sidi Ould Tah \u00e0 la t\u00eate de la BAD, pour la premi\u00e8re fois, un Mauritanien se hisse \u00e0 un poste international aussi prestigieux. Et cela s\u2019est fait avec une \u00e9poustouflante litanie de superlatifs. Comme le souligne si bien Samba Kamara, membre du directoire de campagne du laur\u00e9at :<br \/>\n\u00ab Pour la premi\u00e8re fois, ces trente derni\u00e8res ann\u00e9es dans l\u2019histoire de la BAD, un candidat a \u00e9t\u00e9 \u00e9lu au troisi\u00e8me tour du scrutin. \u00bb<br \/>\nTrois petits tours et puis s\u2019en vont, pourrait-on chantonner. Pour rappel, il en avait fallu treize en 1995, neuf en 2005 et six en 2015 pour d\u00e9partager les candidats et faire jaillir la fum\u00e9e blanche de ce conclave profane.<br \/>\n\u00ab Pour la premi\u00e8re fois, un candidat a \u00e9t\u00e9 \u00e9lu avec le score de 76 % \u00bb, alors que le meilleur r\u00e9sultat \u00e0 ce jour \u00e9tait de 65 %, a rappel\u00e9 Samba.<\/p>\n<p>Cette \u00e9lection n\u2019est \u00e9videmment pas un acte fortuit ou isol\u00e9. Elle vient couronner une diplomatie initi\u00e9e par le pr\u00e9sident de la R\u00e9publique, Mohamed Ould El-Ghazaouani, qui a fait de son pays le seul partenaire constant \u00e0 la fois des Europ\u00e9ens et des Am\u00e9ricains dans la r\u00e9gion, tout en restant fid\u00e8le \u00e0 ses voisins.<\/p>\n<p>Gr\u00e2ce \u00e0 sa m\u00e9thode, on observe la confiance que ses pairs africains et l\u2019Union africaine lui accordent. Il est \u00e9vident que sa stature aupr\u00e8s des \u00c9tats voisins a jou\u00e9 dans leur basculement en faveur de son candidat. Le ministre des Affaires \u00e9trang\u00e8res, Mohamed Salem Merzoug, ainsi que le ministre des Finances, Sid Ahmed Ould Bouh, n\u2019ont pas \u00e9t\u00e9 en reste. Et l\u2019on voit le r\u00e9sultat d\u2019une \u00e9quipe gouvernementale soud\u00e9e et efficace.<\/p>\n<p>Par Jemal M. Taleb<\/p>\n<p class=\"p1\"><span class=\"s1\"><a href=\"https:\/\/www.financialafrik.com\/2025\/06\/15\/un-mauritanien-le-dr-sidi-ould-tah-elu-a-la-tete-de-la-bad\/\">Un Mauritanien, le Dr Sidi Ould Tah, \u00e9lu \u00e0 la t\u00eate de la BAD | Financial Afrik<\/a><\/span><\/p>\n<p>&nbsp;<\/p>\n","protected":false},"excerpt":{"rendered":"<p>Apr\u00e8s l\u2019\u00e9conomie et le social, la diplomatie Les appels me sont venus d\u2019un peu partout pour me f\u00e9liciter du succ\u00e8s diplomatique de la Mauritanie, suite \u00e0 l\u2019\u00e9lection du Dr Sidi Ould Tah \u00e0 la t\u00eate de la Banque africaine de d\u00e9veloppement. En voici un, venu du Cameroun, qui r\u00e9sume la tonalit\u00e9 de tous : \u00ab &hellip;<\/p>\n","protected":false},"author":2,"featured_media":3000,"comment_status":"open","ping_status":"open","sticky":false,"template":"","format":"standard","meta":{"footnotes":""},"categories":[18,31,19],"tags":[],"class_list":["post-16277","post","type-post","status-publish","format-standard","has-post-thumbnail","hentry","category-actualites","category-politique-et-reportages","category-tribune"],"_links":{"self":[{"href":"https:\/\/ladepeche.mr\/index.php?rest_route=\/wp\/v2\/posts\/16277","targetHints":{"allow":["GET"]}}],"collection":[{"href":"https:\/\/ladepeche.mr\/index.php?rest_route=\/wp\/v2\/posts"}],"about":[{"href":"https:\/\/ladepeche.mr\/index.php?rest_route=\/wp\/v2\/types\/post"}],"author":[{"embeddable":true,"href":"https:\/\/ladepeche.mr\/index.php?rest_route=\/wp\/v2\/users\/2"}],"replies":[{"embeddable":true,"href":"https:\/\/ladepeche.mr\/index.php?rest_route=%2Fwp%2Fv2%2Fcomments&post=16277"}],"version-history":[{"count":3,"href":"https:\/\/ladepeche.mr\/index.php?rest_route=\/wp\/v2\/posts\/16277\/revisions"}],"predecessor-version":[{"id":16280,"href":"https:\/\/ladepeche.mr\/index.php?rest_route=\/wp\/v2\/posts\/16277\/revisions\/16280"}],"wp:featuredmedia":[{"embeddable":true,"href":"https:\/\/ladepeche.mr\/index.php?rest_route=\/wp\/v2\/media\/3000"}],"wp:attachment":[{"href":"https:\/\/ladepeche.mr\/index.php?rest_route=%2Fwp%2Fv2%2Fmedia&parent=16277"}],"wp:term":[{"taxonomy":"category","embeddable":true,"href":"https:\/\/ladepeche.mr\/index.php?rest_route=%2Fwp%2Fv2%2Fcategories&post=16277"},{"taxonomy":"post_tag","embeddable":true,"href":"https:\/\/ladepeche.mr\/index.php?rest_route=%2Fwp%2Fv2%2Ftags&post=16277"}],"curies":[{"name":"wp","href":"https:\/\/api.w.org\/{rel}","templated":true}]}}