{"id":16284,"date":"2025-06-15T15:44:13","date_gmt":"2025-06-15T15:44:13","guid":{"rendered":"https:\/\/ladepeche.mr\/?p=16284"},"modified":"2025-06-15T15:44:13","modified_gmt":"2025-06-15T15:44:13","slug":"le-president-de-la-republique-se-rend-a-vienne-pour-participer-au-forum-sur-le-renforcement-de-la-cooperation-pour-le-developpement-durable","status":"publish","type":"post","link":"https:\/\/ladepeche.mr\/?p=16284","title":{"rendered":"Le Pr\u00e9sident de la R\u00e9publique se rend \u00e0 Vienne pour participer au Forum sur le renforcement de la coop\u00e9ration pour le d\u00e9veloppement durable"},"content":{"rendered":"<p>Son Excellence le Pr\u00e9sident de la R\u00e9publique, M. Mohamed Ould Cheikh El Ghazouani, a quitt\u00e9 Nouakchott, dimanche matin, \u00e0 destination de Vienne (capitale de l\u2019Autriche), pour participer au Forum sur le renforcement de la coop\u00e9ration pour le d\u00e9veloppement durable.<\/p>\n<p>Son Excellence le Pr\u00e9sident de la R\u00e9publique a \u00e9t\u00e9 salu\u00e9 \u00e0 son d\u00e9part de l\u2019a\u00e9roport international de Nouakchott \u2013 Oumtounsy par le Premier ministre, Moctar Ould Djay, les ministres conseillers \u00e0 le pr\u00e9sidence de la R\u00e9publique, M. Mohamed Ould Abdallahi Ould Ethmane et Mme Aissata Ba Yahya, le ministre de la Justice, M. Mohamed Mahmoud Ould Abdallahi Ould Boya, le ministre des Affaires \u00e9trang\u00e8res, de la Coop\u00e9ration africaine et des Mauritaniens de l\u2019ext\u00e9rieur, M. Mohamed Salem Ould Merzoug, le ministre de la D\u00e9fense, des Retrait\u00e9s et des Enfants des Martyrs,M. Hanana Ould Sidi, le ministre de l\u2019Int\u00e9rieur, de la D\u00e9centralisation et du D\u00e9veloppement local, M. Mohamed Ahmed Ould Mohamed Lemine, et le chef d\u2019\u00e9tat-major particulier du Pr\u00e9sident de la R\u00e9publique, le g\u00e9n\u00e9ral de corps d\u2019arm\u00e9e Brahim Cheibani Cheikh Ahmed, la directrice adjointe de la pr\u00e9sidence de la R\u00e9publique, Mme Gandega Fatimata, le wali adjoint de Nouakchott Ouest, M. Khyarhoum Moustapha, et la pr\u00e9sidente de la R\u00e9gion de Nouakchott, Mme Fatimetou Mint Abdelmalek.<\/p>\n<p>Le Pr\u00e9sident de la R\u00e9publique est accompagn\u00e9 d\u2019une importante d\u00e9l\u00e9gation compos\u00e9e de :<\/p>\n<p>\u2013 M. Nani Ould Chrougha, ministre charg\u00e9 de cabinet du Pr\u00e9sident de la R\u00e9publique ;<\/p>\n<p>\u2013 M. Sid\u2019Ahmed Ould Bouh, ministre de l\u2019Economie et des Finances ;<\/p>\n<p>\u2013 Mme Amal Mint Maouloud, ministre de l\u2019hydraulique et de l\u2019Assainissement ;<\/p>\n<p>\u2013 Pr Kane Boubacar, Ambassadeur de notre pays \u00e0 Berlin ;<\/p>\n<p>\u2013 M. El Hacen Ould Ahmed, directeur g\u00e9n\u00e9ral du protocole d\u2019\u00c9tat.<br \/>\nAmi<\/p>\n","protected":false},"excerpt":{"rendered":"<p>Son Excellence le Pr\u00e9sident de la R\u00e9publique, M. Mohamed Ould Cheikh El Ghazouani, a quitt\u00e9 Nouakchott, dimanche matin, \u00e0 destination de Vienne (capitale de l\u2019Autriche), pour participer au Forum sur le renforcement de la coop\u00e9ration pour le d\u00e9veloppement durable. Son Excellence le Pr\u00e9sident de la R\u00e9publique a \u00e9t\u00e9 salu\u00e9 \u00e0 son d\u00e9part de l\u2019a\u00e9roport international &hellip;<\/p>\n","protected":false},"author":2,"featured_media":16285,"comment_status":"open","ping_status":"open","sticky":false,"template":"","format":"standard","meta":{"footnotes":""},"categories":[18,2,29],"tags":[],"class_list":["post-16284","post","type-post","status-publish","format-standard","has-post-thumbnail","hentry","category-actualites","category-economie","category-monde"],"_links":{"self":[{"href":"https:\/\/ladepeche.mr\/index.php?rest_route=\/wp\/v2\/posts\/16284","targetHints":{"allow":["GET"]}}],"collection":[{"href":"https:\/\/ladepeche.mr\/index.php?rest_route=\/wp\/v2\/posts"}],"about":[{"href":"https:\/\/ladepeche.mr\/index.php?rest_route=\/wp\/v2\/types\/post"}],"author":[{"embeddable":true,"href":"https:\/\/ladepeche.mr\/index.php?rest_route=\/wp\/v2\/users\/2"}],"replies":[{"embeddable":true,"href":"https:\/\/ladepeche.mr\/index.php?rest_route=%2Fwp%2Fv2%2Fcomments&post=16284"}],"version-history":[{"count":1,"href":"https:\/\/ladepeche.mr\/index.php?rest_route=\/wp\/v2\/posts\/16284\/revisions"}],"predecessor-version":[{"id":16286,"href":"https:\/\/ladepeche.mr\/index.php?rest_route=\/wp\/v2\/posts\/16284\/revisions\/16286"}],"wp:featuredmedia":[{"embeddable":true,"href":"https:\/\/ladepeche.mr\/index.php?rest_route=\/wp\/v2\/media\/16285"}],"wp:attachment":[{"href":"https:\/\/ladepeche.mr\/index.php?rest_route=%2Fwp%2Fv2%2Fmedia&parent=16284"}],"wp:term":[{"taxonomy":"category","embeddable":true,"href":"https:\/\/ladepeche.mr\/index.php?rest_route=%2Fwp%2Fv2%2Fcategories&post=16284"},{"taxonomy":"post_tag","embeddable":true,"href":"https:\/\/ladepeche.mr\/index.php?rest_route=%2Fwp%2Fv2%2Ftags&post=16284"}],"curies":[{"name":"wp","href":"https:\/\/api.w.org\/{rel}","templated":true}]}}