{"id":16298,"date":"2025-06-16T15:58:58","date_gmt":"2025-06-16T15:58:58","guid":{"rendered":"https:\/\/ladepeche.mr\/?p=16298"},"modified":"2025-06-16T15:58:58","modified_gmt":"2025-06-16T15:58:58","slug":"participation-du-president-de-la-republique-a-la-table-ronde-de-vienne-2025","status":"publish","type":"post","link":"https:\/\/ladepeche.mr\/?p=16298","title":{"rendered":"Participation du Pr\u00e9sident de la R\u00e9publique \u00e0 la Table Ronde de Vienne 2025"},"content":{"rendered":"<p>Le Pr\u00e9sident de la R\u00e9publique, Excellence Monsieur Mohamed Ould Cheikh El Ghazouani, a particip\u00e9 ce lundi \u00e0 Vienne, capitale autrichienne, aux travaux de la Table Ronde Vienne 2025 organis\u00e9e par le Fonds OPEP pour le D\u00e9veloppement (OPEC Fund). L\u2019\u00e9v\u00e9nement s\u2019est d\u00e9roul\u00e9 en pr\u00e9sence du Pr\u00e9sident du Fonds, Dr. Abdulhamid Alkhalifa, ainsi que de dirigeants et repr\u00e9sentants d\u2019institutions financi\u00e8res arabes et internationales, et de plusieurs fonds de d\u00e9veloppement dans le cadre du Groupe de Coordination Arabe.<\/p>\n<p>Lors de la s\u00e9ance d\u2019ouverture, le Pr\u00e9sident de la R\u00e9publique a exprim\u00e9 sa profonde gratitude au Fonds OPEP et aux institutions du Groupe de Coordination pour l\u2019organisation de cette Table Ronde, soulignant que cela s\u2019inscrit parfaitement dans le r\u00f4le de leadership en mati\u00e8re de d\u00e9veloppement que joue le Fonds, guid\u00e9 par une vision ax\u00e9e sur le renforcement de la coop\u00e9ration et le soutien aux pays en d\u00e9veloppement pour r\u00e9aliser un d\u00e9veloppement inclusif, \u00e9quitable et durable.<\/p>\n<p>Il a \u00e9galement salu\u00e9 le r\u00f4le central jou\u00e9 par ces institutions dans le financement de projets strat\u00e9giques dans des secteurs vitaux tels que l\u2019eau, l\u2019\u00e9nergie et les infrastructures. Le Pr\u00e9sident a insist\u00e9 sur le fait que la r\u00e9alisation du d\u00e9veloppement durable n\u00e9cessite plus que du financement ; elle n\u00e9cessite des r\u00e9formes structurelles profondes qui renforcent la capacit\u00e9 du pays \u00e0 transformer les financements en projets de d\u00e9veloppement ayant un impact r\u00e9el.<\/p>\n<p>Le Pr\u00e9sident a pr\u00e9cis\u00e9 que la Mauritanie a adopt\u00e9 une strat\u00e9gie globale pour une croissance acc\u00e9l\u00e9r\u00e9e et un bien-\u00eatre partag\u00e9, fond\u00e9e sur le d\u00e9veloppement des infrastructures, l\u2019am\u00e9lioration de l\u2019acc\u00e8s aux services de base, et le renforcement du r\u00f4le des femmes, des jeunes et des groupes vuln\u00e9rables. Il a ajout\u00e9 que le pays a entrepris d\u2019importantes r\u00e9formes pour renforcer la gouvernance, lutter contre la corruption, am\u00e9liorer le climat des affaires et exploiter durablement les ressources naturelles. La Mauritanie est d\u00e9sormais un pays politiquement et s\u00e9curitairement stable, offrant un environnement propice aux investissements, riche en opportunit\u00e9s dans des secteurs tels que l\u2019agriculture, les mines, le gaz, les \u00e9nergies renouvelables et la p\u00eache.<\/p>\n<p>Le Pr\u00e9sident a \u00e9galement soulign\u00e9 l\u2019appr\u00e9ciation du Fonds Mon\u00e9taire International pour les progr\u00e8s significatifs r\u00e9alis\u00e9s par le pays en mati\u00e8re de r\u00e9formes \u00e9conomiques et financi\u00e8res. Il a annonc\u00e9 un ensemble de projets structurels prioritaires \u00e9labor\u00e9s par le gouvernement mauritanien dans le cadre d\u2019un plan national global r\u00e9pondant aux axes du forum, \u00e0 savoir : financer l\u2019avenir, assurer la durabilit\u00e9 des ressources, renforcer les capacit\u00e9s, et acc\u00e9l\u00e9rer la transformation \u00e9conomique et industrielle.<\/p>\n<p>Parmi ces projets figurent :<\/p>\n<ul>\n<li>La modernisation des centrales thermiques dans les villes int\u00e9rieures, avec l\u2019int\u00e9gration de syst\u00e8mes de stockage par batteries, pour diversifier les sources d\u2019\u00e9nergie et renforcer la s\u00e9curit\u00e9 \u00e9nerg\u00e9tique.<\/li>\n<li>La construction de deux barrages strat\u00e9giques pour garantir la s\u00e9curit\u00e9 de l\u2019eau et faire face aux d\u00e9fis climatiques.<\/li>\n<li>La r\u00e9habilitation des axes Nouakchott\u2013Nouadhibou et Rosso\u2013Bogh\u00e9 pour am\u00e9liorer la connectivit\u00e9 int\u00e9rieure et l\u2019int\u00e9gration r\u00e9gionale.<\/li>\n<li>Des projets pour augmenter les surfaces cultiv\u00e9es par le forage de d\u00e9rivations fluviales et l\u2019am\u00e9nagement de terres agricoles, soutenant ainsi la s\u00e9curit\u00e9 alimentaire.<\/li>\n<li>La construction d\u2019un port en eau profonde \u00e0 Nouadhibou pour faciliter la connectivit\u00e9 commerciale r\u00e9gionale, la r\u00e9habilitation du port de N\u2019Ga\u00eflou, le renforcement de ses capacit\u00e9s logistiques, et la cr\u00e9ation de plateformes pour le d\u00e9chargement des captures maritimes le long du littoral, soutenant ainsi l\u2019\u00e9conomie locale et renfor\u00e7ant la s\u00e9curit\u00e9 alimentaire.<\/li>\n<\/ul>\n<p>Le Pr\u00e9sident a appel\u00e9 les partenaires de la Mauritanie au sein du Groupe de Coordination Arabe \u00e0 adopter ces projets et \u00e0 mobiliser les ressources n\u00e9cessaires pour leur mise en \u0153uvre. Il a \u00e9galement exprim\u00e9 la pleine disponibilit\u00e9 du pays \u00e0 \u00e9tablir un m\u00e9canisme de coordination efficace garantissant le suivi de l\u2019ex\u00e9cution de ces projets et l\u2019atteinte de leur impact de d\u00e9veloppement souhait\u00e9.<\/p>\n<p>En conclusion, le Pr\u00e9sident a affirm\u00e9 que ces projets ne sont pas de simples interventions sectorielles, mais des piliers d\u2019une transformation structurelle du d\u00e9veloppement, visant \u00e0 renforcer la r\u00e9silience de la soci\u00e9t\u00e9 mauritanienne et \u00e0 ouvrir des perspectives prometteuses pour une croissance durable et \u00e9quitable.<\/p>\n<p>Si vous souhaitez une version plus concise ou adapt\u00e9e \u00e0 un format sp\u00e9cifique, n\u2019h\u00e9sitez pas \u00e0 me le faire savoir.<br \/>\ntraduction chatgtp<\/p>\n","protected":false},"excerpt":{"rendered":"<p>Le Pr\u00e9sident de la R\u00e9publique, Excellence Monsieur Mohamed Ould Cheikh El Ghazouani, a particip\u00e9 ce lundi \u00e0 Vienne, capitale autrichienne, aux travaux de la Table Ronde Vienne 2025 organis\u00e9e par le Fonds OPEP pour le D\u00e9veloppement (OPEC Fund). L\u2019\u00e9v\u00e9nement s\u2019est d\u00e9roul\u00e9 en pr\u00e9sence du Pr\u00e9sident du Fonds, Dr. Abdulhamid Alkhalifa, ainsi que de dirigeants et &hellip;<\/p>\n","protected":false},"author":2,"featured_media":16299,"comment_status":"open","ping_status":"open","sticky":false,"template":"","format":"standard","meta":{"footnotes":""},"categories":[18,29],"tags":[],"class_list":["post-16298","post","type-post","status-publish","format-standard","has-post-thumbnail","hentry","category-actualites","category-monde"],"_links":{"self":[{"href":"https:\/\/ladepeche.mr\/index.php?rest_route=\/wp\/v2\/posts\/16298","targetHints":{"allow":["GET"]}}],"collection":[{"href":"https:\/\/ladepeche.mr\/index.php?rest_route=\/wp\/v2\/posts"}],"about":[{"href":"https:\/\/ladepeche.mr\/index.php?rest_route=\/wp\/v2\/types\/post"}],"author":[{"embeddable":true,"href":"https:\/\/ladepeche.mr\/index.php?rest_route=\/wp\/v2\/users\/2"}],"replies":[{"embeddable":true,"href":"https:\/\/ladepeche.mr\/index.php?rest_route=%2Fwp%2Fv2%2Fcomments&post=16298"}],"version-history":[{"count":1,"href":"https:\/\/ladepeche.mr\/index.php?rest_route=\/wp\/v2\/posts\/16298\/revisions"}],"predecessor-version":[{"id":16300,"href":"https:\/\/ladepeche.mr\/index.php?rest_route=\/wp\/v2\/posts\/16298\/revisions\/16300"}],"wp:featuredmedia":[{"embeddable":true,"href":"https:\/\/ladepeche.mr\/index.php?rest_route=\/wp\/v2\/media\/16299"}],"wp:attachment":[{"href":"https:\/\/ladepeche.mr\/index.php?rest_route=%2Fwp%2Fv2%2Fmedia&parent=16298"}],"wp:term":[{"taxonomy":"category","embeddable":true,"href":"https:\/\/ladepeche.mr\/index.php?rest_route=%2Fwp%2Fv2%2Fcategories&post=16298"},{"taxonomy":"post_tag","embeddable":true,"href":"https:\/\/ladepeche.mr\/index.php?rest_route=%2Fwp%2Fv2%2Ftags&post=16298"}],"curies":[{"name":"wp","href":"https:\/\/api.w.org\/{rel}","templated":true}]}}