{"id":16304,"date":"2025-06-16T21:18:28","date_gmt":"2025-06-16T21:18:28","guid":{"rendered":"https:\/\/ladepeche.mr\/?p=16304"},"modified":"2025-06-18T10:44:53","modified_gmt":"2025-06-18T10:44:53","slug":"table-ronde-de-vienne-la-rim-obtient-un-financement-de-deux-milliards-de-dollars-americains-du-groupe-de-coordination-arabe-pour-soutenir-son-developpement","status":"publish","type":"post","link":"https:\/\/ladepeche.mr\/?p=16304","title":{"rendered":"Table ronde de Vienne: La RIM obtient un financement de deux milliards de dollars am\u00e9ricains du GCApour soutenir son d\u00e9veloppement"},"content":{"rendered":"<p>Le Groupe de coordination arabe (GCA) a annonc\u00e9 lundi, lors d\u2019une table-ronde, et en pr\u00e9sence du pr\u00e9sident de la R\u00e9publique, Mohamed Ould Ghazouani, consacrer deux milliards de dollars am\u00e9ricains pour soutenir le d\u00e9veloppement de la Mauritanie durant la p\u00e9riode 2026-2030 affirme un communiqu\u00e9 de presse dont copie est parvenue \u00e0 \u00abLa D\u00e9p\u00eache de Mauritanie\u00a0\u00bb.<\/p>\n<p>La rencontre organis\u00e9e au Fonds de l\u2019OPEP pour le d\u00e9veloppement international \u00e9tait l\u2019occasion pour le Pr\u00e9sident de remercier les membres du Groupe de coordination arabe \u00ab\u00a0pour leur accompagnement constant des efforts de d\u00e9veloppement de notre pays, leur confiance et leur soutien continu \u00e0 notre approche de d\u00e9veloppement.\u00a0\u00bb<br \/>\nLe pr\u00e9sident Ghazouani a, par ailleurs, r\u00e9it\u00e9r\u00e9 \u00ab\u00a0la volont\u00e9 de la Mauritanie de continuer \u00e0 renforcer les relations de partenariat dans l\u2019int\u00e9r\u00eat commun et en faveur du d\u00e9veloppement durable du peuple mauritanien.\u00a0\u00bb pr\u00e9cise le communiqu\u00e9. Le pr\u00e9sident a, \u00e0 cet effet, d\u00e9velopp\u00e9 \u00ab\u00a0les grandes lignes du portefeuille de projets de d\u00e9veloppement, soutenant le troisi\u00e8me plan quinquennal de la strat\u00e9gie de d\u00e9veloppement national 2026-2030, ainsi que le programme d\u2019investissement public pour la p\u00e9riode 2026-2028.\u00a0\u00bb<\/p>\n<p>Abdulhamid Alkhalifa, Pr\u00e9sident du Fonds de l\u2019OPEP pour le d\u00e9veloppement international, M. Mohammed Al Jasser, Pr\u00e9sident du Groupe de la Banque islamique de d\u00e9veloppement, et M. Bader Al Saad, Directeur g\u00e9n\u00e9ral du Fonds arabe pour le d\u00e9veloppement \u00e9conomique et social, ont pour leur part \u00ab\u00a0soulign\u00e9 l\u2019int\u00e9r\u00eat que portent leurs institutions \u00e0 approfondir la coop\u00e9ration avec la Mauritanie et \u00e0 poursuivre leur soutien aux efforts de d\u00e9veloppement du pays.\u00a0\u00bb.<br \/>\nCes financements sont per\u00e7us un \u00ab\u00a0\u00e9lan sans pr\u00e9c\u00e9dent de soutien des institutions financi\u00e8res aux efforts de d\u00e9veloppement et aux r\u00e9formes entreprises par notre pays \u00ab\u00a0 et qui \u00ab\u00a0refl\u00e8te clairement le haut niveau de confiance qui caract\u00e9rise les relations entre notre pays et ses partenaires\u00a0\u00bb souligne le communiqu\u00e9.<\/p>\n<p>Les projets propos\u00e9s au financement du Groupe sont r\u00e9partis entre les secteurs de l\u2019\u00e9lectricit\u00e9, de l\u2019\u00e9nergie, de l\u2019eau, de l\u2019assainissement, de l\u2019agriculture, des infrastructures de transport et des ports, ainsi que des programmes de d\u00e9veloppement des r\u00e9gions et de la ville de Nouakchott, a expliqu\u00e9 le ministre de l\u2019\u00e9conomie et des finances, Sid\u2019Ahmed Ould Bouh.<\/p>\n<p>La mise en place d\u2019un m\u00e9canisme actif de coordination pour \u00ab\u00a0le suivi de la mise en \u0153uvre des projets \u00e9ligibles au financement dans le cadre de cette enveloppe, d\u2019\u00e9valuer l\u2019efficacit\u00e9 du processus et de r\u00e9soudre les \u00e9ventuels obstacles pouvant entraver l\u2019ex\u00e9cution des projets\u00a0\u00bb a \u00e9t\u00e9 propos\u00e9e entre les deux parties. Il devrait \u00e9galement servir \u00e0 l\u2019efficacit\u00e9 de la \u00ab\u00a0mise \u0153uvre des projets \u00e9ligibles au financement dans le cadre de cette enveloppe, d\u2019\u00e9valuer l\u2019efficacit\u00e9 du processus et de r\u00e9soudre les \u00e9ventuels obstacles pouvant entraver l\u2019ex\u00e9cution des projets.\u00a0\u00bb.<\/p>\n<p>Le Groupe de coordination arabe est compos\u00e9 de dix institutions financi\u00e8res arabes \u00e9tait repr\u00e9sent\u00e9 \u00e0 cette table ronde par les pr\u00e9sidents ex\u00e9cutifs et directeurs g\u00e9n\u00e9raux des institutions concern\u00e9es auxquels le pr\u00e9sident a accord\u00e9, tour \u00e0 tour, des audiences.<br \/>\n\u00c0 noter que le Pr\u00e9sident de la R\u00e9publique, Mohamed Ould Cheikh El Ghazouani, participe depuis lundi \u00e0 Vienne, capitale autrichienne, aux travaux de la Table Ronde Vienne 2025 organis\u00e9e par le Fonds OPEP pour le D\u00e9veloppement (OPEC Fund).<\/p>\n","protected":false},"excerpt":{"rendered":"<p>Le Groupe de coordination arabe (GCA) a annonc\u00e9 lundi, lors d\u2019une table-ronde, et en pr\u00e9sence du pr\u00e9sident de la R\u00e9publique, Mohamed Ould Ghazouani, consacrer deux milliards de dollars am\u00e9ricains pour soutenir le d\u00e9veloppement de la Mauritanie durant la p\u00e9riode 2026-2030 affirme un communiqu\u00e9 de presse dont copie est parvenue \u00e0 \u00abLa D\u00e9p\u00eache de Mauritanie\u00a0\u00bb. La &hellip;<\/p>\n","protected":false},"author":2,"featured_media":16305,"comment_status":"open","ping_status":"open","sticky":false,"template":"","format":"standard","meta":{"footnotes":""},"categories":[18,2],"tags":[],"class_list":["post-16304","post","type-post","status-publish","format-standard","has-post-thumbnail","hentry","category-actualites","category-economie"],"_links":{"self":[{"href":"https:\/\/ladepeche.mr\/index.php?rest_route=\/wp\/v2\/posts\/16304","targetHints":{"allow":["GET"]}}],"collection":[{"href":"https:\/\/ladepeche.mr\/index.php?rest_route=\/wp\/v2\/posts"}],"about":[{"href":"https:\/\/ladepeche.mr\/index.php?rest_route=\/wp\/v2\/types\/post"}],"author":[{"embeddable":true,"href":"https:\/\/ladepeche.mr\/index.php?rest_route=\/wp\/v2\/users\/2"}],"replies":[{"embeddable":true,"href":"https:\/\/ladepeche.mr\/index.php?rest_route=%2Fwp%2Fv2%2Fcomments&post=16304"}],"version-history":[{"count":4,"href":"https:\/\/ladepeche.mr\/index.php?rest_route=\/wp\/v2\/posts\/16304\/revisions"}],"predecessor-version":[{"id":16356,"href":"https:\/\/ladepeche.mr\/index.php?rest_route=\/wp\/v2\/posts\/16304\/revisions\/16356"}],"wp:featuredmedia":[{"embeddable":true,"href":"https:\/\/ladepeche.mr\/index.php?rest_route=\/wp\/v2\/media\/16305"}],"wp:attachment":[{"href":"https:\/\/ladepeche.mr\/index.php?rest_route=%2Fwp%2Fv2%2Fmedia&parent=16304"}],"wp:term":[{"taxonomy":"category","embeddable":true,"href":"https:\/\/ladepeche.mr\/index.php?rest_route=%2Fwp%2Fv2%2Fcategories&post=16304"},{"taxonomy":"post_tag","embeddable":true,"href":"https:\/\/ladepeche.mr\/index.php?rest_route=%2Fwp%2Fv2%2Ftags&post=16304"}],"curies":[{"name":"wp","href":"https:\/\/api.w.org\/{rel}","templated":true}]}}