{"id":16309,"date":"2025-06-17T13:28:48","date_gmt":"2025-06-17T13:28:48","guid":{"rendered":"https:\/\/ladepeche.mr\/?p=16309"},"modified":"2025-06-17T15:13:20","modified_gmt":"2025-06-17T15:13:20","slug":"agression-israelienne-contre-liran-jusquou-ira-l-enfant-terrible-de-loccident","status":"publish","type":"post","link":"https:\/\/ladepeche.mr\/?p=16309","title":{"rendered":"Agression isra\u00e9lienne contre l\u2019Iran: Jusqu\u2019o\u00f9 ira l\u2019\u00ab enfant terrible \u00bb de l\u2019Occident ?"},"content":{"rendered":"<p>Alors que la communaut\u00e9 internationale multiplie les appels \u00e0 la d\u00e9sescalade au Moyen-Orient, Isra\u00ebl poursuit, avec le soutien implicite de ses alli\u00e9s occidentaux, une strat\u00e9gie militaire agressive, tant \u00e0 Gaza qu\u2019en direction de l\u2019Iran.<\/p>\n<p><strong>Gaza : l\u2019horreur quotidienne<\/strong><\/p>\n<p>Ce mardi 17 juin 2025, avant m\u00eame midi GMT, 74 Palestiniens ont \u00e9t\u00e9 tu\u00e9s par des frappes isra\u00e9liennes sur Gaza, \u00e0 proximit\u00e9 de centres am\u00e9ricano-isra\u00e9liens cens\u00e9s distribuer de l\u2019aide humanitaire. Ces attaques s\u2019inscrivent dans une campagne militaire men\u00e9e sans rel\u00e2che depuis pr\u00e8s de deux ans, obligeant des centaines de milliers de civils \u00e0 fuir continuellement sous les bombes, \u00e9puis\u00e9s, affam\u00e9s, sans refuge.<\/p>\n<p>Le bilan humain, d\u00e9j\u00e0 insoutenable, approche les 60 000 morts, dont une majorit\u00e9 de femmes et d\u2019enfants. Et pourtant, loin de s\u2019arr\u00eater l\u00e0, Isra\u00ebl semble d\u00e9sormais concentrer ses ambitions militaires sur l\u2019Iran.<\/p>\n<p><strong>L\u2019ombre d\u2019un conflit r\u00e9gional \u00e9largi<\/strong><\/p>\n<p>Le 13 juin dernier, Isra\u00ebl a torpill\u00e9 les discussions pr\u00e9vues entre T\u00e9h\u00e9ran et Washington sous l\u2019\u00e9gide de l\u2019AIEA. Deux jours plus t\u00f4t, dans une attaque surprise, Isra\u00ebl a mobilis\u00e9 pr\u00e8s de 200 avions pour frapper des cibles strat\u00e9giques iraniennes, causant la mort d\u2019une dizaine de hauts responsables s\u00e9curitaires et scientifiques du nucl\u00e9aire.<\/p>\n<p>Derri\u00e8re cette op\u00e9ration spectaculaire se dessine un projet plus vaste : affaiblir durablement l\u2019Iran, per\u00e7u comme un obstacle \u00e0 l\u2019expansion r\u00e9gionale d\u2019Isra\u00ebl. Une ambition soutenue, voire encourag\u00e9e, par plusieurs puissances occidentales \u2014 \u00c9tats-Unis, Royaume-Uni et France en t\u00eate \u2014 qui partagent avec la droite isra\u00e9lienne une vision strat\u00e9gique et id\u00e9ologique du Moyen-Orient.<\/p>\n<p><strong>Deux poids, deux mesures<\/strong><\/p>\n<p>Les accords d\u2019Oslo, qui incarnaient l\u2019espoir d\u2019une paix durable, semblent d\u00e9sormais rel\u00e9gu\u00e9s aux oubliettes de l\u2019histoire. Le \u00ab droit \u00e0 se d\u00e9fendre \u00bb invoqu\u00e9 par Isra\u00ebl masque mal une politique de domination qui bafoue les principes du droit international. La passivit\u00e9, voire la complicit\u00e9, des capitales occidentales face \u00e0 ces violations syst\u00e9matiques soul\u00e8ve de s\u00e9rieuses interrogations.<\/p>\n<p>Alors que les Palestiniens sont priv\u00e9s de leurs terres et de leurs droits, que l\u2019Iran est pris pour cible, que des enfants meurent dans l\u2019indiff\u00e9rence g\u00e9n\u00e9rale, l\u2019Occident se r\u00e9fugie dans des discours \u00e0 g\u00e9om\u00e9trie variable : fermet\u00e9 contre certaines dictatures, silence ou soutien tacite lorsqu\u2019il s\u2019agit d\u2019Isra\u00ebl.<\/p>\n<p>Ce double standard alimente un ressentiment profond dans le monde arabo-musulman et fragilise la lutte contre l\u2019extr\u00e9misme. Isra\u00ebl, d\u00e9crit comme \u00ab la seule d\u00e9mocratie de la r\u00e9gion \u00bb, b\u00e9n\u00e9ficie d\u2019une immunit\u00e9 m\u00e9diatique et diplomatique qui lui permet de poursuivre ses op\u00e9rations sans \u00eatre inqui\u00e9t\u00e9. Y compris lorsqu\u2019il s\u2019agit de frappes contre des civils ou d\u2019actions qualifiables, selon le droit international, de crimes de guerre.<\/p>\n<p>Face \u00e0 cette situation, la col\u00e8re grandit. Vingt et un pays arabes ont d\u00e9j\u00e0 d\u00e9nonc\u00e9 les r\u00e9centes attaques isra\u00e9liennes contre l\u2019Iran. Mais ces protestations auront-elles un quelconque \u00e9cho aupr\u00e8s d&#8217;un Occident partisan?<\/p>\n","protected":false},"excerpt":{"rendered":"<p>Alors que la communaut\u00e9 internationale multiplie les appels \u00e0 la d\u00e9sescalade au Moyen-Orient, Isra\u00ebl poursuit, avec le soutien implicite de ses alli\u00e9s occidentaux, une strat\u00e9gie militaire agressive, tant \u00e0 Gaza qu\u2019en direction de l\u2019Iran. Gaza : l\u2019horreur quotidienne Ce mardi 17 juin 2025, avant m\u00eame midi GMT, 74 Palestiniens ont \u00e9t\u00e9 tu\u00e9s par des frappes &hellip;<\/p>\n","protected":false},"author":2,"featured_media":16310,"comment_status":"open","ping_status":"open","sticky":false,"template":"","format":"standard","meta":{"footnotes":""},"categories":[18,29],"tags":[],"class_list":["post-16309","post","type-post","status-publish","format-standard","has-post-thumbnail","hentry","category-actualites","category-monde"],"_links":{"self":[{"href":"https:\/\/ladepeche.mr\/index.php?rest_route=\/wp\/v2\/posts\/16309","targetHints":{"allow":["GET"]}}],"collection":[{"href":"https:\/\/ladepeche.mr\/index.php?rest_route=\/wp\/v2\/posts"}],"about":[{"href":"https:\/\/ladepeche.mr\/index.php?rest_route=\/wp\/v2\/types\/post"}],"author":[{"embeddable":true,"href":"https:\/\/ladepeche.mr\/index.php?rest_route=\/wp\/v2\/users\/2"}],"replies":[{"embeddable":true,"href":"https:\/\/ladepeche.mr\/index.php?rest_route=%2Fwp%2Fv2%2Fcomments&post=16309"}],"version-history":[{"count":5,"href":"https:\/\/ladepeche.mr\/index.php?rest_route=\/wp\/v2\/posts\/16309\/revisions"}],"predecessor-version":[{"id":16316,"href":"https:\/\/ladepeche.mr\/index.php?rest_route=\/wp\/v2\/posts\/16309\/revisions\/16316"}],"wp:featuredmedia":[{"embeddable":true,"href":"https:\/\/ladepeche.mr\/index.php?rest_route=\/wp\/v2\/media\/16310"}],"wp:attachment":[{"href":"https:\/\/ladepeche.mr\/index.php?rest_route=%2Fwp%2Fv2%2Fmedia&parent=16309"}],"wp:term":[{"taxonomy":"category","embeddable":true,"href":"https:\/\/ladepeche.mr\/index.php?rest_route=%2Fwp%2Fv2%2Fcategories&post=16309"},{"taxonomy":"post_tag","embeddable":true,"href":"https:\/\/ladepeche.mr\/index.php?rest_route=%2Fwp%2Fv2%2Ftags&post=16309"}],"curies":[{"name":"wp","href":"https:\/\/api.w.org\/{rel}","templated":true}]}}