{"id":16322,"date":"2025-06-17T16:29:31","date_gmt":"2025-06-17T16:29:31","guid":{"rendered":"https:\/\/ladepeche.mr\/?p=16322"},"modified":"2025-06-17T16:30:32","modified_gmt":"2025-06-17T16:30:32","slug":"usa-la-mauritanie-sur-la-liste-de-la-prochaine-vague-de-travel-ban","status":"publish","type":"post","link":"https:\/\/ladepeche.mr\/?p=16322","title":{"rendered":"USA : la Mauritanie sur la liste de la prochaine vague du &#8220;Travel Ban&#8221;"},"content":{"rendered":"<p>La nouvelle administration Trump pourrait inclure la Mauritanie dans une nouvelle liste de pays bannis du visa am\u00e9ricain, rapportent plusieurs sources concordantes.<\/p>\n<p>Selon le Washington Post qui r\u00e9v\u00e8le l\u2019info, 36 pays dont 25 africains seraient dans le viseur de la nouvelle administration am\u00e9ricaine. Les pays vis\u00e9s disposeraient d\u2019un d\u00e9lai de 60 jours pour se conformer \u00e0 de nouvelles exigences am\u00e9ricaines, notamment en mati\u00e8re de s\u00e9curit\u00e9 des titres d\u2019\u00e9tat civil et de coop\u00e9ration pour la r\u00e9admission de leurs ressortissants qui pourraient \u00e9ventuellement \u00eatre expuls\u00e9s des USA, pour une raison ou une autre. Le gouvernement am\u00e9ricain faisant face aujourd\u2019hui \u00e0 de vives protestations dans de grandes villes expliquerait ces restrictions par des pr\u00e9occupations de s\u00e9curit\u00e9 nationale et de contr\u00f4le migratoire.<\/p>\n<p>Une telle mesure avait \u00e9t\u00e9 prise une premi\u00e8re fois avec D. Trump avant d\u2019\u00eatre annul\u00e9 par son successeur Biden.<\/p>\n<p>Les douze pays concern\u00e9s par le premier acte :<br \/>\nAfghanistan, Birmanie, Tchad, Congo-Brazzaville, Guin\u00e9e \u00e9quatoriale, Erythr\u00e9e, Ha\u00efti, Iran, Libye, Somalie, Soudan et Y\u00e9men.<\/p>\n<p>La seconde vague qui pourrait suivre :<br \/>\nAngola, Antigua-et-Barbuda, B\u00e9nin, Bhoutan, Burkina Faso, Cap-Vert, Cambodge, Cameroun, R\u00e9publique d\u00e9mocratique du Congo, Djibouti, Dominique, \u00c9thiopie, \u00c9gypte, Gabon, Gambie, Ghana, C\u00f4te d\u2019Ivoire, Kirghizstan, Lib\u00e9ria, Malawi, Mauritanie, Niger, Nigeria, Saint-Kitts-et-Nevis, Sainte-Lucie, Sao Tom\u00e9-et-Principe, S\u00e9n\u00e9gal, Soudan du Sud, Syrie, Tanzanie, Tonga, Tuvalu, Ouganda, Vanuatu, Zambie et Zimbabwe.<\/p>\n","protected":false},"excerpt":{"rendered":"<p>La nouvelle administration Trump pourrait inclure la Mauritanie dans une nouvelle liste de pays bannis du visa am\u00e9ricain, rapportent plusieurs sources concordantes. Selon le Washington Post qui r\u00e9v\u00e8le l\u2019info, 36 pays dont 25 africains seraient dans le viseur de la nouvelle administration am\u00e9ricaine. Les pays vis\u00e9s disposeraient d\u2019un d\u00e9lai de 60 jours pour se conformer &hellip;<\/p>\n","protected":false},"author":2,"featured_media":16323,"comment_status":"open","ping_status":"open","sticky":false,"template":"","format":"standard","meta":{"footnotes":""},"categories":[18,29],"tags":[],"class_list":["post-16322","post","type-post","status-publish","format-standard","has-post-thumbnail","hentry","category-actualites","category-monde"],"_links":{"self":[{"href":"https:\/\/ladepeche.mr\/index.php?rest_route=\/wp\/v2\/posts\/16322","targetHints":{"allow":["GET"]}}],"collection":[{"href":"https:\/\/ladepeche.mr\/index.php?rest_route=\/wp\/v2\/posts"}],"about":[{"href":"https:\/\/ladepeche.mr\/index.php?rest_route=\/wp\/v2\/types\/post"}],"author":[{"embeddable":true,"href":"https:\/\/ladepeche.mr\/index.php?rest_route=\/wp\/v2\/users\/2"}],"replies":[{"embeddable":true,"href":"https:\/\/ladepeche.mr\/index.php?rest_route=%2Fwp%2Fv2%2Fcomments&post=16322"}],"version-history":[{"count":2,"href":"https:\/\/ladepeche.mr\/index.php?rest_route=\/wp\/v2\/posts\/16322\/revisions"}],"predecessor-version":[{"id":16325,"href":"https:\/\/ladepeche.mr\/index.php?rest_route=\/wp\/v2\/posts\/16322\/revisions\/16325"}],"wp:featuredmedia":[{"embeddable":true,"href":"https:\/\/ladepeche.mr\/index.php?rest_route=\/wp\/v2\/media\/16323"}],"wp:attachment":[{"href":"https:\/\/ladepeche.mr\/index.php?rest_route=%2Fwp%2Fv2%2Fmedia&parent=16322"}],"wp:term":[{"taxonomy":"category","embeddable":true,"href":"https:\/\/ladepeche.mr\/index.php?rest_route=%2Fwp%2Fv2%2Fcategories&post=16322"},{"taxonomy":"post_tag","embeddable":true,"href":"https:\/\/ladepeche.mr\/index.php?rest_route=%2Fwp%2Fv2%2Ftags&post=16322"}],"curies":[{"name":"wp","href":"https:\/\/api.w.org\/{rel}","templated":true}]}}