{"id":16327,"date":"2025-06-18T08:48:43","date_gmt":"2025-06-18T08:48:43","guid":{"rendered":"https:\/\/ladepeche.mr\/?p=16327"},"modified":"2025-06-18T08:48:43","modified_gmt":"2025-06-18T08:48:43","slug":"dans-les-attaques-disrael-sur-gaza-32-personnes-dont-des-personnes-attendant-de-laide-ont-ete-tuees","status":"publish","type":"post","link":"https:\/\/ladepeche.mr\/?p=16327","title":{"rendered":"Dans les attaques d&#8217;Isra\u00ebl sur Gaza, 32 personnes, dont des personnes attendant de l&#8217;aide, ont \u00e9t\u00e9 tu\u00e9es"},"content":{"rendered":"<p>Les forces isra\u00e9liennes continuent de cibler non seulement des habitations dans la bande de Gaza, mais aussi des tentes abritant des Palestiniens d\u00e9plac\u00e9s de force et des zones o\u00f9 se rassemblent des civils.<br \/>\nDans les attaques men\u00e9es par l&#8217;arm\u00e9e isra\u00e9lienne contre la bande de Gaza mercredi matin, 32 Palestiniens, dont des personnes attendant de recevoir de l&#8217;aide humanitaire, ont \u00e9t\u00e9 tu\u00e9s et de nombreuses personnes ont \u00e9t\u00e9 bless\u00e9es.<\/p>\n<p>Selon les sources de sant\u00e9 et les t\u00e9moins oculaires, les forces isra\u00e9liennes continuent de cibler non seulement des habitations dans la bande de Gaza, mais aussi des tentes abritant des Palestiniens d\u00e9plac\u00e9s de force et des zones o\u00f9 se rassemblent des civils.<\/p>\n<p>Les soldats isra\u00e9liens ont ouvert le feu sur des civils attendant de l&#8217;aide humanitaire pr\u00e8s du corridor de Netzarim, au sud de la ville de Gaza.<\/p>\n<p>Dans l&#8217;attaque, 11 Palestiniens ont \u00e9t\u00e9 tu\u00e9s et de nombreuses personnes ont \u00e9t\u00e9 bless\u00e9es. Il a \u00e9t\u00e9 signal\u00e9 que certains des bless\u00e9s \u00e9taient dans un \u00e9tat critique.<\/p>\n<p>\u00c0 la suite de la bombardement d&#8217;une maison appartenant \u00e0 une famille palestinienne dans le quartier de Zeytoun, quatre personnes, dont un enfant, ont \u00e9t\u00e9 tu\u00e9es, et des bless\u00e9s ont \u00e9t\u00e9 signal\u00e9s.<\/p>\n<p>Dans le camp de r\u00e9fugi\u00e9s de Megazi, dans la partie centrale de la bande de Gaza, 10 Palestiniens ont \u00e9t\u00e9 tu\u00e9s dans une maison qui a \u00e9t\u00e9 la cible d&#8217;un bombardement et de nombreuses personnes ont \u00e9t\u00e9 bless\u00e9es.<br \/>\naa.com.tr<\/p>\n","protected":false},"excerpt":{"rendered":"<p>Les forces isra\u00e9liennes continuent de cibler non seulement des habitations dans la bande de Gaza, mais aussi des tentes abritant des Palestiniens d\u00e9plac\u00e9s de force et des zones o\u00f9 se rassemblent des civils. Dans les attaques men\u00e9es par l&#8217;arm\u00e9e isra\u00e9lienne contre la bande de Gaza mercredi matin, 32 Palestiniens, dont des personnes attendant de recevoir &hellip;<\/p>\n","protected":false},"author":2,"featured_media":16328,"comment_status":"open","ping_status":"open","sticky":false,"template":"","format":"standard","meta":{"footnotes":""},"categories":[18,29],"tags":[],"class_list":["post-16327","post","type-post","status-publish","format-standard","has-post-thumbnail","hentry","category-actualites","category-monde"],"_links":{"self":[{"href":"https:\/\/ladepeche.mr\/index.php?rest_route=\/wp\/v2\/posts\/16327","targetHints":{"allow":["GET"]}}],"collection":[{"href":"https:\/\/ladepeche.mr\/index.php?rest_route=\/wp\/v2\/posts"}],"about":[{"href":"https:\/\/ladepeche.mr\/index.php?rest_route=\/wp\/v2\/types\/post"}],"author":[{"embeddable":true,"href":"https:\/\/ladepeche.mr\/index.php?rest_route=\/wp\/v2\/users\/2"}],"replies":[{"embeddable":true,"href":"https:\/\/ladepeche.mr\/index.php?rest_route=%2Fwp%2Fv2%2Fcomments&post=16327"}],"version-history":[{"count":1,"href":"https:\/\/ladepeche.mr\/index.php?rest_route=\/wp\/v2\/posts\/16327\/revisions"}],"predecessor-version":[{"id":16329,"href":"https:\/\/ladepeche.mr\/index.php?rest_route=\/wp\/v2\/posts\/16327\/revisions\/16329"}],"wp:featuredmedia":[{"embeddable":true,"href":"https:\/\/ladepeche.mr\/index.php?rest_route=\/wp\/v2\/media\/16328"}],"wp:attachment":[{"href":"https:\/\/ladepeche.mr\/index.php?rest_route=%2Fwp%2Fv2%2Fmedia&parent=16327"}],"wp:term":[{"taxonomy":"category","embeddable":true,"href":"https:\/\/ladepeche.mr\/index.php?rest_route=%2Fwp%2Fv2%2Fcategories&post=16327"},{"taxonomy":"post_tag","embeddable":true,"href":"https:\/\/ladepeche.mr\/index.php?rest_route=%2Fwp%2Fv2%2Ftags&post=16327"}],"curies":[{"name":"wp","href":"https:\/\/api.w.org\/{rel}","templated":true}]}}