{"id":16330,"date":"2025-06-18T09:30:10","date_gmt":"2025-06-18T09:30:10","guid":{"rendered":"https:\/\/ladepeche.mr\/?p=16330"},"modified":"2025-06-18T10:21:57","modified_gmt":"2025-06-18T10:21:57","slug":"peche-le-premier-ministre-a-lecoute-du-secteur-prive","status":"publish","type":"post","link":"https:\/\/ladepeche.mr\/?p=16330","title":{"rendered":"P\u00eache : le Premier ministre \u00e0 l\u2019\u00e9coute du secteur priv\u00e9"},"content":{"rendered":"<p>Le Premier ministre, Moctar Ould Djay, a rencontr\u00e9 mardi \u00e0 Nouakchott les repr\u00e9sentants de la F\u00e9d\u00e9ration nationale de la p\u00eache, en pr\u00e9sence du pr\u00e9sident de l\u2019Union nationale du patronat mauritanien (UNPM), M. Mohamed Zeine El Abidine Ould Cheikh Ahmed.<\/p>\n<p>Cette r\u00e9union fait suite \u00e0 une audience accord\u00e9e r\u00e9cemment par le Pr\u00e9sident de la R\u00e9publique, Mohamed Ould Cheikh El Ghazouani, au bureau de l\u2019UNPM. \u00c0 l\u2019issue de cette rencontre, le Chef de l\u2019\u00c9tat avait instruit le Premier ministre de se concerter avec les acteurs du secteur pour recueillir leurs pr\u00e9occupations et identifier des pistes de solutions concr\u00e8tes.<\/p>\n<p>Les membres de la F\u00e9d\u00e9ration ont dress\u00e9 un tableau d\u00e9taill\u00e9 des difficult\u00e9s auxquelles le secteur est confront\u00e9. En retour, le Premier ministre a reconnu l\u2019ampleur des d\u00e9fis et soulign\u00e9 les principaux blocages freinant le d\u00e9veloppement du secteur.<\/p>\n<p>Il a demand\u00e9 au ministre de la P\u00eache et des Infrastructures maritimes et portuaires d\u2019ouvrir une concertation avec la F\u00e9d\u00e9ration afin d\u2019identifier des solutions concr\u00e8tes \u00e0 court et moyen termes. Une d\u00e9marche qui s\u2019inscrit dans les orientations du Pr\u00e9sident de la R\u00e9publique en faveur du renforcement du secteur priv\u00e9 national.<\/p>\n","protected":false},"excerpt":{"rendered":"<p>Le Premier ministre, Moctar Ould Djay, a rencontr\u00e9 mardi \u00e0 Nouakchott les repr\u00e9sentants de la F\u00e9d\u00e9ration nationale de la p\u00eache, en pr\u00e9sence du pr\u00e9sident de l\u2019Union nationale du patronat mauritanien (UNPM), M. Mohamed Zeine El Abidine Ould Cheikh Ahmed. Cette r\u00e9union fait suite \u00e0 une audience accord\u00e9e r\u00e9cemment par le Pr\u00e9sident de la R\u00e9publique, Mohamed &hellip;<\/p>\n","protected":false},"author":2,"featured_media":16331,"comment_status":"open","ping_status":"open","sticky":false,"template":"","format":"standard","meta":{"footnotes":""},"categories":[18,2],"tags":[],"class_list":["post-16330","post","type-post","status-publish","format-standard","has-post-thumbnail","hentry","category-actualites","category-economie"],"_links":{"self":[{"href":"https:\/\/ladepeche.mr\/index.php?rest_route=\/wp\/v2\/posts\/16330","targetHints":{"allow":["GET"]}}],"collection":[{"href":"https:\/\/ladepeche.mr\/index.php?rest_route=\/wp\/v2\/posts"}],"about":[{"href":"https:\/\/ladepeche.mr\/index.php?rest_route=\/wp\/v2\/types\/post"}],"author":[{"embeddable":true,"href":"https:\/\/ladepeche.mr\/index.php?rest_route=\/wp\/v2\/users\/2"}],"replies":[{"embeddable":true,"href":"https:\/\/ladepeche.mr\/index.php?rest_route=%2Fwp%2Fv2%2Fcomments&post=16330"}],"version-history":[{"count":3,"href":"https:\/\/ladepeche.mr\/index.php?rest_route=\/wp\/v2\/posts\/16330\/revisions"}],"predecessor-version":[{"id":16350,"href":"https:\/\/ladepeche.mr\/index.php?rest_route=\/wp\/v2\/posts\/16330\/revisions\/16350"}],"wp:featuredmedia":[{"embeddable":true,"href":"https:\/\/ladepeche.mr\/index.php?rest_route=\/wp\/v2\/media\/16331"}],"wp:attachment":[{"href":"https:\/\/ladepeche.mr\/index.php?rest_route=%2Fwp%2Fv2%2Fmedia&parent=16330"}],"wp:term":[{"taxonomy":"category","embeddable":true,"href":"https:\/\/ladepeche.mr\/index.php?rest_route=%2Fwp%2Fv2%2Fcategories&post=16330"},{"taxonomy":"post_tag","embeddable":true,"href":"https:\/\/ladepeche.mr\/index.php?rest_route=%2Fwp%2Fv2%2Ftags&post=16330"}],"curies":[{"name":"wp","href":"https:\/\/api.w.org\/{rel}","templated":true}]}}