{"id":16333,"date":"2025-06-18T10:00:30","date_gmt":"2025-06-18T10:00:30","guid":{"rendered":"https:\/\/ladepeche.mr\/?p=16333"},"modified":"2025-06-18T10:10:49","modified_gmt":"2025-06-18T10:10:49","slug":"mauritanie-autriche-vers-un-renforcement-des-relations-bilaterales","status":"publish","type":"post","link":"https:\/\/ladepeche.mr\/?p=16333","title":{"rendered":"Mauritanie\u2013Autriche : vers un renforcement des relations bilat\u00e9rales"},"content":{"rendered":"<p>Le Pr\u00e9sident mauritanien Mohamed Ould Cheikh El Ghazouani a rencontr\u00e9, ce mardi \u00e0 Vienne, son homologue autrichien Alexander Van der Bellen. Une entrevue ax\u00e9e sur la coop\u00e9ration et les int\u00e9r\u00eats communs.<\/p>\n<p><strong>Vienne, 18 juin 2025<\/strong> \u2014 En visite officielle en Autriche, le Pr\u00e9sident de la R\u00e9publique, Mohamed Ould Cheikh El Ghazouani, a \u00e9t\u00e9 re\u00e7u ce mardi soir au Palais pr\u00e9sidentiel de Vienne par le Pr\u00e9sident autrichien, Alexander Van der Bellen.<\/p>\n<p>La rencontre a port\u00e9 sur les moyens de renforcer les liens de coop\u00e9ration entre la Mauritanie et l\u2019Autriche. Les deux chefs d\u2019\u00c9tat ont \u00e9chang\u00e9 leurs visions sur plusieurs questions r\u00e9gionales et internationales d\u2019int\u00e9r\u00eat commun.<\/p>\n<p>La rencontre a \u00e9t\u00e9 l&#8217;opportunit\u00e9 d&#8217;affirmer la volont\u00e9 des deux pr\u00e9sidents d\u2019\u00e9largir la coop\u00e9ration bilat\u00e9rale entre leurs pays. Les deux dirigeants ont notamment salu\u00e9, \u00e0 cette occasion, la solidit\u00e9 des relations entre leurs pays et exprim\u00e9 leur volont\u00e9 partag\u00e9e de les approfondir dans divers domaines, notamment \u00e9conomiques, culturels et technologiques&#8230;<\/p>\n<p>Une d\u00e9l\u00e9gation mauritanienne de haut niveau assistait \u00e0 cette rencontre dont le ministre charg\u00e9 du Cabinet du Pr\u00e9sident de la R\u00e9publique, Nani Ould Chrougha, et l\u2019ambassadeur de Mauritanie en Allemagne, Pr. Kane Boubacar.<\/p>\n","protected":false},"excerpt":{"rendered":"<p>Le Pr\u00e9sident mauritanien Mohamed Ould Cheikh El Ghazouani a rencontr\u00e9, ce mardi \u00e0 Vienne, son homologue autrichien Alexander Van der Bellen. Une entrevue ax\u00e9e sur la coop\u00e9ration et les int\u00e9r\u00eats communs. Vienne, 18 juin 2025 \u2014 En visite officielle en Autriche, le Pr\u00e9sident de la R\u00e9publique, Mohamed Ould Cheikh El Ghazouani, a \u00e9t\u00e9 re\u00e7u ce &hellip;<\/p>\n","protected":false},"author":2,"featured_media":16334,"comment_status":"open","ping_status":"open","sticky":false,"template":"","format":"standard","meta":{"footnotes":""},"categories":[18,29],"tags":[],"class_list":["post-16333","post","type-post","status-publish","format-standard","has-post-thumbnail","hentry","category-actualites","category-monde"],"_links":{"self":[{"href":"https:\/\/ladepeche.mr\/index.php?rest_route=\/wp\/v2\/posts\/16333","targetHints":{"allow":["GET"]}}],"collection":[{"href":"https:\/\/ladepeche.mr\/index.php?rest_route=\/wp\/v2\/posts"}],"about":[{"href":"https:\/\/ladepeche.mr\/index.php?rest_route=\/wp\/v2\/types\/post"}],"author":[{"embeddable":true,"href":"https:\/\/ladepeche.mr\/index.php?rest_route=\/wp\/v2\/users\/2"}],"replies":[{"embeddable":true,"href":"https:\/\/ladepeche.mr\/index.php?rest_route=%2Fwp%2Fv2%2Fcomments&post=16333"}],"version-history":[{"count":2,"href":"https:\/\/ladepeche.mr\/index.php?rest_route=\/wp\/v2\/posts\/16333\/revisions"}],"predecessor-version":[{"id":16341,"href":"https:\/\/ladepeche.mr\/index.php?rest_route=\/wp\/v2\/posts\/16333\/revisions\/16341"}],"wp:featuredmedia":[{"embeddable":true,"href":"https:\/\/ladepeche.mr\/index.php?rest_route=\/wp\/v2\/media\/16334"}],"wp:attachment":[{"href":"https:\/\/ladepeche.mr\/index.php?rest_route=%2Fwp%2Fv2%2Fmedia&parent=16333"}],"wp:term":[{"taxonomy":"category","embeddable":true,"href":"https:\/\/ladepeche.mr\/index.php?rest_route=%2Fwp%2Fv2%2Fcategories&post=16333"},{"taxonomy":"post_tag","embeddable":true,"href":"https:\/\/ladepeche.mr\/index.php?rest_route=%2Fwp%2Fv2%2Ftags&post=16333"}],"curies":[{"name":"wp","href":"https:\/\/api.w.org\/{rel}","templated":true}]}}