{"id":16336,"date":"2025-06-18T10:30:51","date_gmt":"2025-06-18T10:30:51","guid":{"rendered":"https:\/\/ladepeche.mr\/?p=16336"},"modified":"2025-06-18T09:57:25","modified_gmt":"2025-06-18T09:57:25","slug":"lutte-contre-la-desertification-la-mauritanie-mobilisee-face-a-lurgence-environnementale","status":"publish","type":"post","link":"https:\/\/ladepeche.mr\/?p=16336","title":{"rendered":"Lutte contre la d\u00e9sertification : la Mauritanie mobilis\u00e9e face \u00e0 l&#8217;urgence environnementale"},"content":{"rendered":"<p><strong>Nouakchott, 18 juin 2025<\/strong> \u2013 La Mauritanie a c\u00e9l\u00e9br\u00e9 ce mardi la Journ\u00e9e mondiale de lutte contre la d\u00e9sertification, sur le th\u00e8me \u00ab Notre terre\u2026 notre futur\u2026 nous sommes la g\u00e9n\u00e9ration de la r\u00e9forme \u00bb. Cette journ\u00e9e intervient alors que le pays fait face \u00e0 une intensification de la d\u00e9gradation des terres, accentu\u00e9e par le changement climatique, la pression d\u00e9mographique et l\u2019exploitation non durable des ressources naturelles.<\/p>\n<p>Avec plus de 75 % de son territoire class\u00e9 comme d\u00e9sertique ou semi-d\u00e9sertique, la Mauritanie est particuli\u00e8rement vuln\u00e9rable \u00e0 la d\u00e9sertification. Ce ph\u00e9nom\u00e8ne touche notamment les r\u00e9gions rurales du centre et du sud-est, o\u00f9 les terres agricoles et pastorales se d\u00e9t\u00e9riorent rapidement sous l\u2019effet de la s\u00e9cheresse, de la surexploitation des sols et de la d\u00e9forestation. Les cons\u00e9quences sont graves : baisse des rendements agricoles, ins\u00e9curit\u00e9 alimentaire, appauvrissement des populations rurales et migrations climatiques vers les zones urbaines.<\/p>\n<p>Lors de la c\u00e9r\u00e9monie officielle, la ministre de l\u2019Environnement et du D\u00e9veloppement durable, Mme Messaouda mint Baham Ould Mohamed Laghdaf, a rappel\u00e9 que la lutte contre la d\u00e9sertification est une priorit\u00e9 du programme du pr\u00e9sident de la R\u00e9publique, Mohamed Ould Cheikh El Ghazouani, pour la p\u00e9riode 2024-2029.<\/p>\n<p>Parmi les initiatives en cours figurent l\u2019\u00e9largissement de l\u2019acc\u00e8s \u00e0 l\u2019eau potable, l\u2019installation de stations de dessalement \u00e0 Nouakchott et Nouadhibou, ainsi que le soutien \u00e0 l\u2019agriculture et \u00e0 l\u2019\u00e9levage via l\u2019introduction de pratiques durables et r\u00e9silientes. La ministre a \u00e9galement cit\u00e9 des programmes de restauration des sols comme la Ceinture verte et le projet Big Green, qui visent \u00e0 reboiser les zones d\u00e9grad\u00e9es et \u00e0 renforcer la gestion communautaire des ressources naturelles.<\/p>\n<p>Elle a soulign\u00e9 que le combat contre la d\u00e9sertification doit mobiliser l\u2019ensemble de la soci\u00e9t\u00e9 mauritanienne, en particulier les jeunes, les femmes, les agriculteurs et les \u00e9leveurs, qui sont les premiers concern\u00e9s.<\/p>\n<p>Le maire de Tevragh Zeina, M. Taleb Ould Mahjoub, a mis en avant les efforts locaux pour lutter contre la d\u00e9gradation des terres et prot\u00e9ger les zones urbaines contre l\u2019ensablement, un fl\u00e9au qui menace \u00e9galement les infrastructures et les habitations dans certaines villes du pays.<\/p>\n<p>M. Ba Moctar, directeur adjoint charg\u00e9 de la restauration des sols, a pour sa part annonc\u00e9 le lancement d\u2019une vaste campagne d\u2019ensemencement a\u00e9rien qui couvrira huit wilayas, dont l\u2019Inchiri, l\u2019Adrar, le Trarza, le Tagant, l\u2019Assaba, les deux Hodhs et le Tiris Zemmour. Quatre tonnes de graines d\u2019arbres adapt\u00e9s aux conditions locales seront dispers\u00e9es en partenariat avec les minist\u00e8res de l\u2019Environnement et de la D\u00e9fense nationale.<\/p>\n<p>La c\u00e9r\u00e9monie s\u2019est achev\u00e9e par la distribution de 900 plants destin\u00e9s \u00e0 la stabilisation des dunes et \u00e0 la reforestation de neuf communes dans trois wilayas. Ces actions s\u2019inscrivent dans les efforts de restauration des \u00e9cosyst\u00e8mes fragilis\u00e9s.<\/p>\n<p>L\u2019\u00e9v\u00e9nement a r\u00e9uni plusieurs membres du gouvernement, dont le ministre d\u00e9l\u00e9gu\u00e9 aupr\u00e8s du ministre de l\u2019Int\u00e9rieur charg\u00e9 du D\u00e9veloppement local, la commissaire \u00e0 la S\u00e9curit\u00e9 alimentaire, le d\u00e9l\u00e9gu\u00e9 g\u00e9n\u00e9ral \u00e0 TAAZOUR, ainsi que des partenaires techniques et financiers.<\/p>\n","protected":false},"excerpt":{"rendered":"<p>Nouakchott, 18 juin 2025 \u2013 La Mauritanie a c\u00e9l\u00e9br\u00e9 ce mardi la Journ\u00e9e mondiale de lutte contre la d\u00e9sertification, sur le th\u00e8me \u00ab Notre terre\u2026 notre futur\u2026 nous sommes la g\u00e9n\u00e9ration de la r\u00e9forme \u00bb. Cette journ\u00e9e intervient alors que le pays fait face \u00e0 une intensification de la d\u00e9gradation des terres, accentu\u00e9e par le &hellip;<\/p>\n","protected":false},"author":2,"featured_media":16338,"comment_status":"open","ping_status":"open","sticky":false,"template":"","format":"standard","meta":{"footnotes":""},"categories":[18,21],"tags":[],"class_list":["post-16336","post","type-post","status-publish","format-standard","has-post-thumbnail","hentry","category-actualites","category-fluctuations"],"_links":{"self":[{"href":"https:\/\/ladepeche.mr\/index.php?rest_route=\/wp\/v2\/posts\/16336","targetHints":{"allow":["GET"]}}],"collection":[{"href":"https:\/\/ladepeche.mr\/index.php?rest_route=\/wp\/v2\/posts"}],"about":[{"href":"https:\/\/ladepeche.mr\/index.php?rest_route=\/wp\/v2\/types\/post"}],"author":[{"embeddable":true,"href":"https:\/\/ladepeche.mr\/index.php?rest_route=\/wp\/v2\/users\/2"}],"replies":[{"embeddable":true,"href":"https:\/\/ladepeche.mr\/index.php?rest_route=%2Fwp%2Fv2%2Fcomments&post=16336"}],"version-history":[{"count":2,"href":"https:\/\/ladepeche.mr\/index.php?rest_route=\/wp\/v2\/posts\/16336\/revisions"}],"predecessor-version":[{"id":16342,"href":"https:\/\/ladepeche.mr\/index.php?rest_route=\/wp\/v2\/posts\/16336\/revisions\/16342"}],"wp:featuredmedia":[{"embeddable":true,"href":"https:\/\/ladepeche.mr\/index.php?rest_route=\/wp\/v2\/media\/16338"}],"wp:attachment":[{"href":"https:\/\/ladepeche.mr\/index.php?rest_route=%2Fwp%2Fv2%2Fmedia&parent=16336"}],"wp:term":[{"taxonomy":"category","embeddable":true,"href":"https:\/\/ladepeche.mr\/index.php?rest_route=%2Fwp%2Fv2%2Fcategories&post=16336"},{"taxonomy":"post_tag","embeddable":true,"href":"https:\/\/ladepeche.mr\/index.php?rest_route=%2Fwp%2Fv2%2Ftags&post=16336"}],"curies":[{"name":"wp","href":"https:\/\/api.w.org\/{rel}","templated":true}]}}