{"id":16343,"date":"2025-06-18T11:00:58","date_gmt":"2025-06-18T11:00:58","guid":{"rendered":"https:\/\/ladepeche.mr\/?p=16343"},"modified":"2025-06-18T10:09:21","modified_gmt":"2025-06-18T10:09:21","slug":"mathematiques-la-mauritanie-brille-a-lolympiade-africaine-avec-cinq-medailles","status":"publish","type":"post","link":"https:\/\/ladepeche.mr\/?p=16343","title":{"rendered":"Math\u00e9matiques : la Mauritanie brille \u00e0 l\u2019Olympiade africaine avec cinq m\u00e9dailles"},"content":{"rendered":"<p>L\u2019\u00e9quipe mauritanienne a d\u00e9croch\u00e9 cinq m\u00e9dailles, dont une d\u2019argent et quatre de bronze, \u00e0 la 32\u1d49 \u00e9dition de l\u2019Olympiade africaine de math\u00e9matiques, qui s\u2019est tenue au Botswana du 8 au 18 juin tient de bonne source.<\/p>\n<p>Le minist\u00e8re de l\u2019\u00c9ducation nationale a salu\u00e9 cette performance \u00ab remarquable \u00bb, fruit d\u2019un travail de pr\u00e9paration intensif men\u00e9 par les \u00e9l\u00e8ves lors de plusieurs stages et camps de formation, organis\u00e9s en collaboration avec la Commission nationale des math\u00e9matiques et des sciences (Mawahib) et l\u2019Association des amis des math\u00e9matiques.<\/p>\n<p>La m\u00e9daille d\u2019argent a \u00e9t\u00e9 remport\u00e9e par l\u2019\u00e9quipe de Terminale scientifique, compos\u00e9e d\u2019Ali Side El Bukhari, Sidi Mohamed El Amine Abdallah et Yahdih Mohamed Abdrahmane Abou. Quant \u00e0 Mariem Mohamed Mahmoud Boubni, \u00e9l\u00e8ve en classe de 4\u1d49 (coll\u00e8ge), elle a obtenu deux m\u00e9dailles de bronze.<\/p>\n<p>Le reste de la d\u00e9l\u00e9gation, compos\u00e9e de six \u00e9l\u00e8ves \u2014 trois filles et trois gar\u00e7ons \u2014 issus des niveaux entre la 4\u1d49 et la Terminale, a \u00e9galement contribu\u00e9 \u00e0 hisser les couleurs nationales parmi 21 pays repr\u00e9sent\u00e9s et plus de 120 participants.<\/p>\n<p>Le minist\u00e8re a soulign\u00e9 qu\u2019il s\u2019agissait de la premi\u00e8re participation de la Mauritanie avec des \u00e9l\u00e8ves de niveau 4\u1d49, une initiative qui vise \u00e0 renforcer leur formation sur le long terme et \u00e0 d\u00e9velopper l\u2019exp\u00e9rience des jeunes talents dans les comp\u00e9titions internationales.<\/p>\n","protected":false},"excerpt":{"rendered":"<p>L\u2019\u00e9quipe mauritanienne a d\u00e9croch\u00e9 cinq m\u00e9dailles, dont une d\u2019argent et quatre de bronze, \u00e0 la 32\u1d49 \u00e9dition de l\u2019Olympiade africaine de math\u00e9matiques, qui s\u2019est tenue au Botswana du 8 au 18 juin tient de bonne source. Le minist\u00e8re de l\u2019\u00c9ducation nationale a salu\u00e9 cette performance \u00ab remarquable \u00bb, fruit d\u2019un travail de pr\u00e9paration intensif men\u00e9 &hellip;<\/p>\n","protected":false},"author":2,"featured_media":16344,"comment_status":"open","ping_status":"open","sticky":false,"template":"","format":"standard","meta":{"footnotes":""},"categories":[18],"tags":[],"class_list":["post-16343","post","type-post","status-publish","format-standard","has-post-thumbnail","hentry","category-actualites"],"_links":{"self":[{"href":"https:\/\/ladepeche.mr\/index.php?rest_route=\/wp\/v2\/posts\/16343","targetHints":{"allow":["GET"]}}],"collection":[{"href":"https:\/\/ladepeche.mr\/index.php?rest_route=\/wp\/v2\/posts"}],"about":[{"href":"https:\/\/ladepeche.mr\/index.php?rest_route=\/wp\/v2\/types\/post"}],"author":[{"embeddable":true,"href":"https:\/\/ladepeche.mr\/index.php?rest_route=\/wp\/v2\/users\/2"}],"replies":[{"embeddable":true,"href":"https:\/\/ladepeche.mr\/index.php?rest_route=%2Fwp%2Fv2%2Fcomments&post=16343"}],"version-history":[{"count":1,"href":"https:\/\/ladepeche.mr\/index.php?rest_route=\/wp\/v2\/posts\/16343\/revisions"}],"predecessor-version":[{"id":16345,"href":"https:\/\/ladepeche.mr\/index.php?rest_route=\/wp\/v2\/posts\/16343\/revisions\/16345"}],"wp:featuredmedia":[{"embeddable":true,"href":"https:\/\/ladepeche.mr\/index.php?rest_route=\/wp\/v2\/media\/16344"}],"wp:attachment":[{"href":"https:\/\/ladepeche.mr\/index.php?rest_route=%2Fwp%2Fv2%2Fmedia&parent=16343"}],"wp:term":[{"taxonomy":"category","embeddable":true,"href":"https:\/\/ladepeche.mr\/index.php?rest_route=%2Fwp%2Fv2%2Fcategories&post=16343"},{"taxonomy":"post_tag","embeddable":true,"href":"https:\/\/ladepeche.mr\/index.php?rest_route=%2Fwp%2Fv2%2Ftags&post=16343"}],"curies":[{"name":"wp","href":"https:\/\/api.w.org\/{rel}","templated":true}]}}