{"id":16357,"date":"2025-06-18T12:25:59","date_gmt":"2025-06-18T12:25:59","guid":{"rendered":"https:\/\/ladepeche.mr\/?p=16357"},"modified":"2025-06-18T12:25:59","modified_gmt":"2025-06-18T12:25:59","slug":"khamenei-defie-washington-toute-attaque-americaine-entrainera-des-dommages-irreparables","status":"publish","type":"post","link":"https:\/\/ladepeche.mr\/?p=16357","title":{"rendered":"Khamenei d\u00e9fie Washington : \u00ab Toute attaque am\u00e9ricaine entra\u00eenera des dommages irr\u00e9parables \u00bb"},"content":{"rendered":"<p>Alors que le Moyen-Orient est en proie \u00e0 une flamb\u00e9e de violence sans pr\u00e9c\u00e9dent, le guide supr\u00eame iranien, l\u2019ayatollah Ali Khamenei, a pris la parole ce mercredi 18 juin 2025 dans une allocution t\u00e9l\u00e9vis\u00e9e \u00e0 la nation. Le message est clair : l\u2019Iran ne se rendra pas et r\u00e9pondra par la force \u00e0 toute nouvelle agression.<\/p>\n<p>\u00ab L\u2019Iran ne capitulera jamais \u00bb<br \/>\nFace aux r\u00e9centes menaces am\u00e9ricaines, notamment l\u2019appel du pr\u00e9sident Donald Trump \u00e0 une \u00ab reddition sans condition \u00bb, Khamenei a tenu \u00e0 afficher une posture de fermet\u00e9 :<\/p>\n<p>\u00ab Toute intervention militaire am\u00e9ricaine entra\u00eenera des dommages irr\u00e9parables. Le peuple iranien ne se rendra jamais sous la pression \u00bb, a-t-il martel\u00e9.<\/p>\n<p>Le guide supr\u00eame d\u00e9nonce \u00e9galement l\u2019attitude de l\u2019Occident, qu\u2019il accuse d\u2019utiliser \u00ab un langage de menace \u00bb contre une nation qu\u2019il d\u00e9crit comme r\u00e9sistante, fi\u00e8re et pr\u00eate au sacrifice.<\/p>\n<p>Isra\u00ebl dans le viseur de T\u00e9h\u00e9ran<br \/>\nDans son allocution, l\u2019ayatollah a \u00e9galement lanc\u00e9 une mise en garde directe \u00e0 Isra\u00ebl, qu\u2019il accuse d\u2019avoir franchi la ligne rouge en attaquant des sites strat\u00e9giques iraniens :<\/p>\n<p>\u00ab Isra\u00ebl a commis une grave erreur. Il en paiera le prix. Nous ne montrerons aucune piti\u00e9 envers le r\u00e9gime sioniste. \u00bb<\/p>\n<p>Cette d\u00e9claration intervient apr\u00e8s que deux installations nucl\u00e9aires iraniennes ont \u00e9t\u00e9 frapp\u00e9es par des missiles isra\u00e9liens, selon l\u2019AIEA. En repr\u00e9sailles, l\u2019Iran a lanc\u00e9 un missile hypersonique, affirmant avoir vis\u00e9 des centres du renseignement isra\u00e9liens.<\/p>\n<p>Bilan humain lourd et internationalisation du conflit<br \/>\nSelon l\u2019ONG Human Rights Activists, au moins 585 personnes ont perdu la vie en Iran, dont de nombreuses femmes et enfants, depuis le d\u00e9but du conflit. En Isra\u00ebl, les autorit\u00e9s annoncent 24 morts et des centaines de bless\u00e9s.<br \/>\nhttps:\/\/www.msn.com\/fr-xl\/afrique-centre-et-est\/republique-democratique-du-congo-actualite\/khamenei-d%C3%A9fie-washington-toute-attaque-am%C3%A9ricaine-entra%C3%AEnera-des-dommages-irr%C3%A9parables\/ar-AA1GWXdY?ocid=msedgntp&#038;pc=U531&#038;cvid=bae79df82f1c4fdb9c4425e249d30950&#038;ei=25<\/p>\n","protected":false},"excerpt":{"rendered":"<p>Alors que le Moyen-Orient est en proie \u00e0 une flamb\u00e9e de violence sans pr\u00e9c\u00e9dent, le guide supr\u00eame iranien, l\u2019ayatollah Ali Khamenei, a pris la parole ce mercredi 18 juin 2025 dans une allocution t\u00e9l\u00e9vis\u00e9e \u00e0 la nation. Le message est clair : l\u2019Iran ne se rendra pas et r\u00e9pondra par la force \u00e0 toute nouvelle &hellip;<\/p>\n","protected":false},"author":2,"featured_media":16358,"comment_status":"open","ping_status":"open","sticky":false,"template":"","format":"standard","meta":{"footnotes":""},"categories":[18,29],"tags":[],"class_list":["post-16357","post","type-post","status-publish","format-standard","has-post-thumbnail","hentry","category-actualites","category-monde"],"_links":{"self":[{"href":"https:\/\/ladepeche.mr\/index.php?rest_route=\/wp\/v2\/posts\/16357","targetHints":{"allow":["GET"]}}],"collection":[{"href":"https:\/\/ladepeche.mr\/index.php?rest_route=\/wp\/v2\/posts"}],"about":[{"href":"https:\/\/ladepeche.mr\/index.php?rest_route=\/wp\/v2\/types\/post"}],"author":[{"embeddable":true,"href":"https:\/\/ladepeche.mr\/index.php?rest_route=\/wp\/v2\/users\/2"}],"replies":[{"embeddable":true,"href":"https:\/\/ladepeche.mr\/index.php?rest_route=%2Fwp%2Fv2%2Fcomments&post=16357"}],"version-history":[{"count":1,"href":"https:\/\/ladepeche.mr\/index.php?rest_route=\/wp\/v2\/posts\/16357\/revisions"}],"predecessor-version":[{"id":16359,"href":"https:\/\/ladepeche.mr\/index.php?rest_route=\/wp\/v2\/posts\/16357\/revisions\/16359"}],"wp:featuredmedia":[{"embeddable":true,"href":"https:\/\/ladepeche.mr\/index.php?rest_route=\/wp\/v2\/media\/16358"}],"wp:attachment":[{"href":"https:\/\/ladepeche.mr\/index.php?rest_route=%2Fwp%2Fv2%2Fmedia&parent=16357"}],"wp:term":[{"taxonomy":"category","embeddable":true,"href":"https:\/\/ladepeche.mr\/index.php?rest_route=%2Fwp%2Fv2%2Fcategories&post=16357"},{"taxonomy":"post_tag","embeddable":true,"href":"https:\/\/ladepeche.mr\/index.php?rest_route=%2Fwp%2Fv2%2Ftags&post=16357"}],"curies":[{"name":"wp","href":"https:\/\/api.w.org\/{rel}","templated":true}]}}