{"id":16360,"date":"2025-06-18T23:23:17","date_gmt":"2025-06-18T23:23:17","guid":{"rendered":"https:\/\/ladepeche.mr\/?p=16360"},"modified":"2025-06-18T23:42:44","modified_gmt":"2025-06-18T23:42:44","slug":"economie-le-fmi-salue-les-performances-economiques-de-la-mauritanie","status":"publish","type":"post","link":"https:\/\/ladepeche.mr\/?p=16360","title":{"rendered":"\u00c9conomie : Le FMI salue les performances \u00e9conomiques de la Mauritanie (actualis\u00e9)"},"content":{"rendered":"<p>Wautabouna Ouattara, directeur ex\u00e9cutif du Fonds mon\u00e9taire international (FMI), repr\u00e9sentant la Mauritanie et plusieurs pays d\u2019Afrique de l\u2019Ouest au sein de l\u2019institution, a salu\u00e9, \u00e0 l&#8217;issue d&#8217;une visite dans le pays, les performances \u00e9conomiques enregistr\u00e9s par la Mauritanie.<br \/>\nL&#8217;audience que lui a accord\u00e9e le premier Ministre, Mokhtar Ould Djay, mardi \u00e0 Nouakchott \u00e9tait destin\u00e9e \u00e0 faire le point sur l\u2019\u00e9tat de la coop\u00e9ration entre la Mauritanie et le FMI, ainsi que sur les perspectives de renforcement de ce partenariat, dans les domaines \u00e9conomiques et financiers.<br \/>\nIl a, dans ce cadre, r\u00e9joui de la croissance soutenue et de la coop\u00e9ration fructueuse avec les institutions financi\u00e8res internationales expliquant, selon lui, les r\u00e9sultats importants r\u00e9alis\u00e9s par le gouvernement. Il a, par ailleurs, r\u00e9affirm\u00e9 la volont\u00e9 du Fonds \u00e0 accompagner les efforts de d\u00e9veloppement \u00e9conomique et social engag\u00e9s par les autorit\u00e9s du pays.<br \/>\nOuattara a enfin exprim\u00e9 sa gratitude aux autorit\u00e9s mauritaniennes, en particulier au pr\u00e9sident de la R\u00e9publique Mohamed Ould Cheikh El Ghazouani, pour le soutien apport\u00e9 \u00e0 son \u00e9lection au Conseil d\u2019administration du FMI.<br \/>\nLa r\u00e9union s\u2019est tenue en pr\u00e9sence du gouverneur de la Banque centrale, Dr Mohamed Lemine Ould Dhahbi, du directeur de cabinet du Premier ministre, Cheikh Ould Zeidane, ainsi que de plusieurs autres collaborateurs du chef du gouvernement.<\/p>\n","protected":false},"excerpt":{"rendered":"<p>Wautabouna Ouattara, directeur ex\u00e9cutif du Fonds mon\u00e9taire international (FMI), repr\u00e9sentant la Mauritanie et plusieurs pays d\u2019Afrique de l\u2019Ouest au sein de l\u2019institution, a salu\u00e9, \u00e0 l&#8217;issue d&#8217;une visite dans le pays, les performances \u00e9conomiques enregistr\u00e9s par la Mauritanie. L&#8217;audience que lui a accord\u00e9e le premier Ministre, Mokhtar Ould Djay, mardi \u00e0 Nouakchott \u00e9tait destin\u00e9e \u00e0 &hellip;<\/p>\n","protected":false},"author":2,"featured_media":16361,"comment_status":"open","ping_status":"open","sticky":false,"template":"","format":"standard","meta":{"footnotes":""},"categories":[18,2],"tags":[],"class_list":["post-16360","post","type-post","status-publish","format-standard","has-post-thumbnail","hentry","category-actualites","category-economie"],"_links":{"self":[{"href":"https:\/\/ladepeche.mr\/index.php?rest_route=\/wp\/v2\/posts\/16360","targetHints":{"allow":["GET"]}}],"collection":[{"href":"https:\/\/ladepeche.mr\/index.php?rest_route=\/wp\/v2\/posts"}],"about":[{"href":"https:\/\/ladepeche.mr\/index.php?rest_route=\/wp\/v2\/types\/post"}],"author":[{"embeddable":true,"href":"https:\/\/ladepeche.mr\/index.php?rest_route=\/wp\/v2\/users\/2"}],"replies":[{"embeddable":true,"href":"https:\/\/ladepeche.mr\/index.php?rest_route=%2Fwp%2Fv2%2Fcomments&post=16360"}],"version-history":[{"count":4,"href":"https:\/\/ladepeche.mr\/index.php?rest_route=\/wp\/v2\/posts\/16360\/revisions"}],"predecessor-version":[{"id":16365,"href":"https:\/\/ladepeche.mr\/index.php?rest_route=\/wp\/v2\/posts\/16360\/revisions\/16365"}],"wp:featuredmedia":[{"embeddable":true,"href":"https:\/\/ladepeche.mr\/index.php?rest_route=\/wp\/v2\/media\/16361"}],"wp:attachment":[{"href":"https:\/\/ladepeche.mr\/index.php?rest_route=%2Fwp%2Fv2%2Fmedia&parent=16360"}],"wp:term":[{"taxonomy":"category","embeddable":true,"href":"https:\/\/ladepeche.mr\/index.php?rest_route=%2Fwp%2Fv2%2Fcategories&post=16360"},{"taxonomy":"post_tag","embeddable":true,"href":"https:\/\/ladepeche.mr\/index.php?rest_route=%2Fwp%2Fv2%2Ftags&post=16360"}],"curies":[{"name":"wp","href":"https:\/\/api.w.org\/{rel}","templated":true}]}}