{"id":16366,"date":"2025-06-19T00:00:29","date_gmt":"2025-06-19T00:00:29","guid":{"rendered":"https:\/\/ladepeche.mr\/?p=16366"},"modified":"2025-06-18T23:49:59","modified_gmt":"2025-06-18T23:49:59","slug":"forum-sur-la-securite-fonciere-des-recommandations-fortes-pour-une-reforme-en-profondeur","status":"publish","type":"post","link":"https:\/\/ladepeche.mr\/?p=16366","title":{"rendered":"Forum sur la s\u00e9curit\u00e9 fonci\u00e8re : des recommandations fortes pour une r\u00e9forme en profondeur"},"content":{"rendered":"<p>Le forum scientifique organis\u00e9 par la Cour supr\u00eame de Mauritanie sous le th\u00e8me \u00ab Conflits fonciers : probl\u00e8mes et solutions \u00bb a cl\u00f4tur\u00e9 ses travaux ce mercredi \u00e0 Nouakchott, apr\u00e8s deux jours de d\u00e9bats nourris. L\u2019\u00e9v\u00e9nement a rassembl\u00e9 des magistrats mauritaniens et des repr\u00e9sentants venus d\u2019Alg\u00e9rie et du S\u00e9n\u00e9gal.<\/p>\n<p>Les participants ont \u00e9chang\u00e9 sur les enjeux de la s\u00e9curit\u00e9 fonci\u00e8re et partag\u00e9 leurs exp\u00e9riences pratiques dans la gestion des litiges li\u00e9s \u00e0 la propri\u00e9t\u00e9. Plusieurs communications ont \u00e9t\u00e9 pr\u00e9sent\u00e9es autour des r\u00e9formes juridiques, des bonnes pratiques judiciaires et de la coop\u00e9ration institutionnelle.<\/p>\n<p>En cl\u00f4ture, un rapport final comprenant 21 articles a \u00e9t\u00e9 adopt\u00e9. Ce document d\u00e9taille les propositions cl\u00e9s visant \u00e0 renforcer la s\u00e9curit\u00e9 fonci\u00e8re dans le pays.<\/p>\n<p>Parmi les principales recommandations figurent :<\/p>\n<p>L\u2019\u00e9laboration d\u2019une loi fonci\u00e8re g\u00e9n\u00e9rale couvrant aussi bien les zones urbaines que rurales ;<\/p>\n<p>La cr\u00e9ation d\u2019une juridiction sp\u00e9cialis\u00e9e dans les affaires fonci\u00e8res ;<\/p>\n<p>La formation continue des magistrats sur les questions immobili\u00e8res, avec l\u2019exp\u00e9rience comme crit\u00e8re central d\u2019attribution des dossiers ;<\/p>\n<p>La r\u00e9vision de la loi sur les notaires, du code civil et des textes sp\u00e9cifiques relatifs \u00e0 l\u2019immobilier ;<\/p>\n<p>L\u2019am\u00e9lioration de la coordination entre les tribunaux et les minist\u00e8res concern\u00e9s, notamment ceux des domaines et de l\u2019habitat ;<\/p>\n<p>Le recours \u00e0 la num\u00e9risation pour faciliter l\u2019acc\u00e8s \u00e0 l\u2019information fonci\u00e8re et harmoniser la jurisprudence.<\/p>\n<p>Dans son allocution, le pr\u00e9sident de la Cour supr\u00eame, Cheikh Ahmed Ould Sid\u2019Ahmed, a salu\u00e9 l\u2019implication des participants et la qualit\u00e9 des d\u00e9bats. Il a soulign\u00e9 l\u2019importance de ce forum dans le cadre des efforts visant \u00e0 moderniser la justice fonci\u00e8re en Mauritanie.<\/p>\n<p>Le forum a \u00e9galement \u00e9t\u00e9 l\u2019occasion d\u2019annoncer la publication prochaine des actes des deux colloques scientifiques tenus par la Cour supr\u00eame en 2024.<\/p>\n","protected":false},"excerpt":{"rendered":"<p>Le forum scientifique organis\u00e9 par la Cour supr\u00eame de Mauritanie sous le th\u00e8me \u00ab Conflits fonciers : probl\u00e8mes et solutions \u00bb a cl\u00f4tur\u00e9 ses travaux ce mercredi \u00e0 Nouakchott, apr\u00e8s deux jours de d\u00e9bats nourris. L\u2019\u00e9v\u00e9nement a rassembl\u00e9 des magistrats mauritaniens et des repr\u00e9sentants venus d\u2019Alg\u00e9rie et du S\u00e9n\u00e9gal. Les participants ont \u00e9chang\u00e9 sur les &hellip;<\/p>\n","protected":false},"author":2,"featured_media":16367,"comment_status":"open","ping_status":"open","sticky":false,"template":"","format":"standard","meta":{"footnotes":""},"categories":[18,2],"tags":[],"class_list":["post-16366","post","type-post","status-publish","format-standard","has-post-thumbnail","hentry","category-actualites","category-economie"],"_links":{"self":[{"href":"https:\/\/ladepeche.mr\/index.php?rest_route=\/wp\/v2\/posts\/16366","targetHints":{"allow":["GET"]}}],"collection":[{"href":"https:\/\/ladepeche.mr\/index.php?rest_route=\/wp\/v2\/posts"}],"about":[{"href":"https:\/\/ladepeche.mr\/index.php?rest_route=\/wp\/v2\/types\/post"}],"author":[{"embeddable":true,"href":"https:\/\/ladepeche.mr\/index.php?rest_route=\/wp\/v2\/users\/2"}],"replies":[{"embeddable":true,"href":"https:\/\/ladepeche.mr\/index.php?rest_route=%2Fwp%2Fv2%2Fcomments&post=16366"}],"version-history":[{"count":1,"href":"https:\/\/ladepeche.mr\/index.php?rest_route=\/wp\/v2\/posts\/16366\/revisions"}],"predecessor-version":[{"id":16368,"href":"https:\/\/ladepeche.mr\/index.php?rest_route=\/wp\/v2\/posts\/16366\/revisions\/16368"}],"wp:featuredmedia":[{"embeddable":true,"href":"https:\/\/ladepeche.mr\/index.php?rest_route=\/wp\/v2\/media\/16367"}],"wp:attachment":[{"href":"https:\/\/ladepeche.mr\/index.php?rest_route=%2Fwp%2Fv2%2Fmedia&parent=16366"}],"wp:term":[{"taxonomy":"category","embeddable":true,"href":"https:\/\/ladepeche.mr\/index.php?rest_route=%2Fwp%2Fv2%2Fcategories&post=16366"},{"taxonomy":"post_tag","embeddable":true,"href":"https:\/\/ladepeche.mr\/index.php?rest_route=%2Fwp%2Fv2%2Ftags&post=16366"}],"curies":[{"name":"wp","href":"https:\/\/api.w.org\/{rel}","templated":true}]}}