{"id":16375,"date":"2025-06-19T10:30:07","date_gmt":"2025-06-19T10:30:07","guid":{"rendered":"https:\/\/ladepeche.mr\/?p=16375"},"modified":"2025-06-19T10:30:07","modified_gmt":"2025-06-19T10:30:07","slug":"kinshasa-et-kigali-signent-un-accord-de-paix-le-27-juin-a-washington","status":"publish","type":"post","link":"https:\/\/ladepeche.mr\/?p=16375","title":{"rendered":"Kinshasa et Kigali signent un accord de paix le 27 juin \u00e0 Washington"},"content":{"rendered":"<p>Kinshasa, 19 juin 2025 (ACP).-Les experts gouvernementaux de la R\u00e9publique d\u00e9mocratique du Congo (RDC) et du Rwanda ont paraph\u00e9 mercredi \u00e0 Washington, le texte du futur accord de paix entre les deux pays en conflit arm\u00e9, a annonc\u00e9 le D\u00e9partement d\u2019\u00c9tat am\u00e9ricain dans un communiqu\u00e9 conjoint, selon Tina Salama, porte-parole du chef de l\u2019\u00c9tat congolais, qui l\u2019a \u00e9crit sur son compte X.<br \/>\n\u00ab L\u2019accord, qui sera sign\u00e9 lors d\u2019une r\u00e9union minist\u00e9rielle le 27 juin, comprend des dispositions relatives \u00e0 l\u2019int\u00e9grit\u00e9 territoriale et \u00e0 l\u2019interdiction des hostilit\u00e9s, au d\u00e9sengagement, au d\u00e9sarmement et \u00e0 l\u2019int\u00e9gration conditionnelle des groupes arm\u00e9s non \u00e9tatiques \u00bb.<\/p>\n<p>Les discussions entre les deux pays sous la m\u00e9diation am\u00e9ricaine visent la paix dans la r\u00e9gion des Grands lacs o\u00f9 le Rwanda d\u00e9stabilise son voisin, la RDC, en soutenant en hommes et en armement le groupe terroriste M23-AFC.<\/p>\n<p>Tous les rapports d\u2019experts missionn\u00e9s par les Nations-unies attestent qu\u2019il s\u2019agit d\u2019une guerre de pr\u00e9dation des minerais qui sont ensuite export\u00e9s.<\/p>\n<p>Pour prendre le contr\u00f4le de Goma, en 4 jours, l\u2019arm\u00e9e rwandaise a massacr\u00e9 8.500 personnes, selon le bilan officiel.<\/p>\n<p>Le pr\u00e9sident F\u00e9lix Tshisekedi a toujours promis de mettre un terme d\u00e9finitif \u00e0 cette guerre impos\u00e9e notamment par le Rwanda depuis 1994.<br \/>\nA la surprise g\u00e9n\u00e9rale, le pr\u00e9sident Tshisekedi avait rencontr\u00e9 le pr\u00e9sident rwandais Paul Kagame \u00e0 Doha, au Qatar.<\/p>\n<p>Depuis, des initiatives de paix se focalisent \u00e0 Washington et \u00e0 Doha.<\/p>\n<p>Ci-dessous, le communiqu\u00e9 de presse du D\u00e9partement d\u2019\u00c9tat:<\/p>\n<p>D\u00e9claration conjointe sur les pourparlers de paix entre la R\u00e9publique d\u00e9mocratique du Congo et la R\u00e9publique du Rwanda, sous la m\u00e9diation des \u00c9tats-Unis et sous l\u2019observation de l\u2019\u00c9tat du Qatar<\/p>\n<p>Le texte de la d\u00e9claration suivante a \u00e9t\u00e9 publi\u00e9 par les gouvernements des \u00c9tats-Unis d\u2019Am\u00e9rique, de la R\u00e9publique d\u00e9mocratique du Congo et de la R\u00e9publique du Rwanda \u00e0 l\u2019occasion des pourparlers de paix qui se sont tenus cette semaine \u00e0 Washington.<\/p>\n<p>Provided by SyndiGate Media Inc. (Syndigate.info).<\/p>\n","protected":false},"excerpt":{"rendered":"<p>Kinshasa, 19 juin 2025 (ACP).-Les experts gouvernementaux de la R\u00e9publique d\u00e9mocratique du Congo (RDC) et du Rwanda ont paraph\u00e9 mercredi \u00e0 Washington, le texte du futur accord de paix entre les deux pays en conflit arm\u00e9, a annonc\u00e9 le D\u00e9partement d\u2019\u00c9tat am\u00e9ricain dans un communiqu\u00e9 conjoint, selon Tina Salama, porte-parole du chef de l\u2019\u00c9tat congolais, &hellip;<\/p>\n","protected":false},"author":2,"featured_media":16376,"comment_status":"open","ping_status":"open","sticky":false,"template":"","format":"standard","meta":{"footnotes":""},"categories":[18,29],"tags":[],"class_list":["post-16375","post","type-post","status-publish","format-standard","has-post-thumbnail","hentry","category-actualites","category-monde"],"_links":{"self":[{"href":"https:\/\/ladepeche.mr\/index.php?rest_route=\/wp\/v2\/posts\/16375","targetHints":{"allow":["GET"]}}],"collection":[{"href":"https:\/\/ladepeche.mr\/index.php?rest_route=\/wp\/v2\/posts"}],"about":[{"href":"https:\/\/ladepeche.mr\/index.php?rest_route=\/wp\/v2\/types\/post"}],"author":[{"embeddable":true,"href":"https:\/\/ladepeche.mr\/index.php?rest_route=\/wp\/v2\/users\/2"}],"replies":[{"embeddable":true,"href":"https:\/\/ladepeche.mr\/index.php?rest_route=%2Fwp%2Fv2%2Fcomments&post=16375"}],"version-history":[{"count":1,"href":"https:\/\/ladepeche.mr\/index.php?rest_route=\/wp\/v2\/posts\/16375\/revisions"}],"predecessor-version":[{"id":16377,"href":"https:\/\/ladepeche.mr\/index.php?rest_route=\/wp\/v2\/posts\/16375\/revisions\/16377"}],"wp:featuredmedia":[{"embeddable":true,"href":"https:\/\/ladepeche.mr\/index.php?rest_route=\/wp\/v2\/media\/16376"}],"wp:attachment":[{"href":"https:\/\/ladepeche.mr\/index.php?rest_route=%2Fwp%2Fv2%2Fmedia&parent=16375"}],"wp:term":[{"taxonomy":"category","embeddable":true,"href":"https:\/\/ladepeche.mr\/index.php?rest_route=%2Fwp%2Fv2%2Fcategories&post=16375"},{"taxonomy":"post_tag","embeddable":true,"href":"https:\/\/ladepeche.mr\/index.php?rest_route=%2Fwp%2Fv2%2Ftags&post=16375"}],"curies":[{"name":"wp","href":"https:\/\/api.w.org\/{rel}","templated":true}]}}