{"id":16408,"date":"2025-06-20T11:30:01","date_gmt":"2025-06-20T11:30:01","guid":{"rendered":"https:\/\/ladepeche.mr\/?p=16408"},"modified":"2025-06-20T11:15:06","modified_gmt":"2025-06-20T11:15:06","slug":"conflit-israelo-iranien-liran-appelle-le-conseil-de-securite-a-agir-maintenant","status":"publish","type":"post","link":"https:\/\/ladepeche.mr\/?p=16408","title":{"rendered":"Conflit isra\u00e9lo-iranien : L&#8217;Iran appelle le Conseil de s\u00e9curit\u00e9 \u00e0 &#8220;agir maintenant&#8221;"},"content":{"rendered":"<p>&#8220;Le ciblage de la t\u00e9l\u00e9vision nationale iranienne par Isra\u00ebl est un crime de guerre flagrant et une atteinte directe \u00e0 la libert\u00e9 de la presse&#8221;, a indiqu\u00e9 le repr\u00e9sentant de l&#8217;Iran aupr\u00e8s des Nations unies, Amir Saeid Iravani.<br \/>\nLe repr\u00e9sentant de l&#8217;Iran aupr\u00e8s des Nations unies, Amir Saeid Iravani, a appel\u00e9 lundi le Conseil de s\u00e9curit\u00e9 \u00e0 condamner imm\u00e9diatement les attaques isra\u00e9liennes contre l&#8217;Iran et \u00e0 demander des comptes \u00e0 &#8220;l&#8217;agresseur et \u00e0 ceux qui le soutiennent&#8221;.<\/p>\n<p>Amir Saeid Iravani a exhort\u00e9 le Conseil de s\u00e9curit\u00e9 \u00e0 &#8220;agir maintenant&#8221;, lui demandant de &#8220;condamner cette agression, d&#8217;arr\u00eater l&#8217;agresseur et de d\u00e9fendre la Charte&#8221;.<\/p>\n<p>&#8220;Son silence et son indiff\u00e9rence sapent sa cr\u00e9dibilit\u00e9 et les fondements de l&#8217;ONU&#8221;, a-t-il d\u00e9clar\u00e9, ajoutant que son pays &#8220;continuera d&#8217;agir dans le cadre du droit international&#8221;.<\/p>\n<p>&#8220;Isra\u00ebl a commis un acte d&#8217;agression flagrant contre l&#8217;int\u00e9grit\u00e9 territoriale et la souverainet\u00e9 de l&#8217;Iran&#8221;, a d\u00e9clar\u00e9 Amir Saeid Iravani lors d&#8217;une conf\u00e9rence de presse au si\u00e8ge des Nations unies \u00e0 New York, qualifiant cet acte de &#8220;grave violation de la Charte des Nations unies et des principes fondamentaux du droit international&#8221;.<\/p>\n<p>Il a condamn\u00e9 la derni\u00e8re attaque isra\u00e9lienne contre la t\u00e9l\u00e9vision nationale iranienne lors d&#8217;une \u00e9mission en direct, la qualifiant d'&#8221;attaque \u00e9pouvantable, constituant un crime de guerre flagrant et une atteinte directe \u00e0 la libert\u00e9 de la presse&#8221;.<\/p>\n<p>&#8220;Cette agression est survenue alors que le sixi\u00e8me cycle de n\u00e9gociations nucl\u00e9aires \u00e9tait sur le point de reprendre \u00e0 Mascate&#8221;, a not\u00e9 Amir Saeid Iravani, ajoutant que T\u00e9h\u00e9ran avait pr\u00e9sent\u00e9 &#8220;une nouvelle proposition visant \u00e0 aplanir les divergences&#8221; et que les \u00c9tats-Unis avaient r\u00e9pondu avec &#8220;mauvaise foi&#8221;.<\/p>\n<p>&#8220;Sans les armes, les renseignements et le soutien politique des \u00c9tats-Unis, cette attaque n&#8217;aurait pas pu avoir lieu. Les \u00c9tats-Unis partageront la responsabilit\u00e9 de cet acte ill\u00e9gal. L&#8217;Iran pr\u00e9vient que tout pays soutenant l&#8217;agression isra\u00e9lienne sera l\u00e9galement responsable des cons\u00e9quences de cet acte&#8221;, a-t-il ajout\u00e9, d\u00e9non\u00e7ant le soutien militaire et politique des \u00c9tats-Unis \u00e0 Isra\u00ebl.<\/p>\n<p>Amir Saeid Iravani a soulign\u00e9 que l&#8217;Iran &#8220;n&#8217;h\u00e9sitera pas \u00e0 d\u00e9fendre son peuple, son territoire et sa souverainet\u00e9&#8221;, tout en affirmant que, contrairement \u00e0 Isra\u00ebl, &#8220;l&#8217;Iran respecte le droit humanitaire international&#8221;.<\/p>\n<p>&#8220;Nous n&#8217;avons pas vis\u00e9 de civils. L&#8217;Iran n&#8217;a pas attaqu\u00e9 Isra\u00ebl. L&#8217;Iran n&#8217;a pas d\u00e9clench\u00e9 de guerre&#8221;, a-t-il soutenu, rejetant ce qu&#8217;il a qualifi\u00e9 de &#8220;fausse&#8221; menace existentielle utilis\u00e9e pour justifier l&#8217;agression isra\u00e9lienne.<\/p>\n<p>Les tensions se sont intensifi\u00e9es depuis vendredi, lorsque Isra\u00ebl a lanc\u00e9 des frappes a\u00e9riennes coordonn\u00e9es et des attaques de drones sur plusieurs sites en Iran, notamment des installations militaires et nucl\u00e9aires, poussant T\u00e9h\u00e9ran \u00e0 lancer des frappes de repr\u00e9sailles.<\/p>\n<p>Le 13 juin, Isra\u00ebl a lanc\u00e9 des attaques de grande envergure contre des installations nucl\u00e9aires dans diff\u00e9rentes villes iraniennes, ainsi que contre le haut commandement de l&#8217;arm\u00e9e.<\/p>\n<p>Le chef d&#8217;\u00e9tat-major iranien, le commandant en chef des Gardiens de la r\u00e9volution et certains commandants de haut rang ainsi que 9 scientifiques nucl\u00e9aires ont \u00e9t\u00e9 tu\u00e9s dans ces attaques, tandis que le nombre total de victimes civiles a \u00e9t\u00e9 annonc\u00e9 comme \u00e9tant de 224.<\/p>\n<p>La riposte de l&#8217;arm\u00e9e iranienne contre Isra\u00ebl \u00e0 l&#8217;aide de missiles balistiques a fait 24 morts et plus de 500 bless\u00e9s.<\/p>\n<p>aa.com.tr<\/p>\n","protected":false},"excerpt":{"rendered":"<p>&#8220;Le ciblage de la t\u00e9l\u00e9vision nationale iranienne par Isra\u00ebl est un crime de guerre flagrant et une atteinte directe \u00e0 la libert\u00e9 de la presse&#8221;, a indiqu\u00e9 le repr\u00e9sentant de l&#8217;Iran aupr\u00e8s des Nations unies, Amir Saeid Iravani. Le repr\u00e9sentant de l&#8217;Iran aupr\u00e8s des Nations unies, Amir Saeid Iravani, a appel\u00e9 lundi le Conseil de &hellip;<\/p>\n","protected":false},"author":2,"featured_media":16409,"comment_status":"open","ping_status":"open","sticky":false,"template":"","format":"standard","meta":{"footnotes":""},"categories":[18,29],"tags":[],"class_list":["post-16408","post","type-post","status-publish","format-standard","has-post-thumbnail","hentry","category-actualites","category-monde"],"_links":{"self":[{"href":"https:\/\/ladepeche.mr\/index.php?rest_route=\/wp\/v2\/posts\/16408","targetHints":{"allow":["GET"]}}],"collection":[{"href":"https:\/\/ladepeche.mr\/index.php?rest_route=\/wp\/v2\/posts"}],"about":[{"href":"https:\/\/ladepeche.mr\/index.php?rest_route=\/wp\/v2\/types\/post"}],"author":[{"embeddable":true,"href":"https:\/\/ladepeche.mr\/index.php?rest_route=\/wp\/v2\/users\/2"}],"replies":[{"embeddable":true,"href":"https:\/\/ladepeche.mr\/index.php?rest_route=%2Fwp%2Fv2%2Fcomments&post=16408"}],"version-history":[{"count":1,"href":"https:\/\/ladepeche.mr\/index.php?rest_route=\/wp\/v2\/posts\/16408\/revisions"}],"predecessor-version":[{"id":16410,"href":"https:\/\/ladepeche.mr\/index.php?rest_route=\/wp\/v2\/posts\/16408\/revisions\/16410"}],"wp:featuredmedia":[{"embeddable":true,"href":"https:\/\/ladepeche.mr\/index.php?rest_route=\/wp\/v2\/media\/16409"}],"wp:attachment":[{"href":"https:\/\/ladepeche.mr\/index.php?rest_route=%2Fwp%2Fv2%2Fmedia&parent=16408"}],"wp:term":[{"taxonomy":"category","embeddable":true,"href":"https:\/\/ladepeche.mr\/index.php?rest_route=%2Fwp%2Fv2%2Fcategories&post=16408"},{"taxonomy":"post_tag","embeddable":true,"href":"https:\/\/ladepeche.mr\/index.php?rest_route=%2Fwp%2Fv2%2Ftags&post=16408"}],"curies":[{"name":"wp","href":"https:\/\/api.w.org\/{rel}","templated":true}]}}