{"id":16411,"date":"2025-06-20T12:00:10","date_gmt":"2025-06-20T12:00:10","guid":{"rendered":"https:\/\/ladepeche.mr\/?p=16411"},"modified":"2025-06-20T11:27:31","modified_gmt":"2025-06-20T11:27:31","slug":"politique-communique-du-cercle-des-idees","status":"publish","type":"post","link":"https:\/\/ladepeche.mr\/?p=16411","title":{"rendered":"Politique: Communiqu\u00e9 du Cercle des Id\u00e9es"},"content":{"rendered":"<p>Le Cercle des Id\u00e9es exprime sa profonde satisfaction \u00e0 l\u2019issue de la rencontre tenue ce jour avec Monsieur le Coordinateur G\u00e9n\u00e9ral du Dialogue National Inclusif, dans le cadre de la pr\u00e9sentation officielle de la vision du groupe relative aux enjeux, orientations et perspectives de ce rendez-vous politique majeur.<br \/>\nCette rencontre, marqu\u00e9e par une \u00e9coute attentive et un esprit d\u2019ouverture, a permis de partager les fruits d\u2019une r\u00e9flexion collective et pluridisciplinaire conduite au sein de notre groupe, autour des grandes th\u00e9matiques structurant le dialogue national : gouvernance, unit\u00e9 nationale, justice sociale, r\u00e9formes institutionnelles, participation citoyenne, consolidation d\u00e9mocratique, entre autres.<br \/>\nLe Cercle des Id\u00e9es salue l\u2019engagement manifeste des autorit\u00e9s en charge du dialogue, ainsi que leur volont\u00e9 de cr\u00e9er les conditions d\u2019une large participation des forces vives de la nation. En ce sens, notre groupe se r\u00e9jouit d\u2019avoir \u00e9t\u00e9 \u00e9cout\u00e9 et associ\u00e9, et confirme sa participation effective aux travaux du dialogue, avec un esprit constructif, ind\u00e9pendant et r\u00e9solument tourn\u00e9 vers l\u2019avenir.<br \/>\nNous sommes convaincus que la r\u00e9ussite du Dialogue National Inclusif repr\u00e9sente une \u00e9tape d\u00e9cisive pour pr\u00e9parer la Mauritanie, dans les meilleures conditions, aux \u00e9ch\u00e9ances politiques, \u00e9conomiques et sociales \u00e0 venir, dans un esprit de concorde, de responsabilit\u00e9 partag\u00e9e et de renouveau d\u00e9mocratique.<br \/>\nLe Cercle des Id\u00e9es r\u00e9affirme, \u00e0 cette occasion, son engagement constant en faveur de la paix civile, de la coh\u00e9sion nationale et d\u2019un d\u00e9bat \u00e9clair\u00e9 et exigeant, au service exclusif de l\u2019int\u00e9r\u00eat g\u00e9n\u00e9ral.<br \/>\nLe Cercle des Id\u00e9es<br \/>\nPour une pens\u00e9e libre, citoyenne et agissante<\/p>\n<p>Nouakchott, le 19 juin 2025<br \/>\nLa Coordination nationale<\/p>\n","protected":false},"excerpt":{"rendered":"<p>Le Cercle des Id\u00e9es exprime sa profonde satisfaction \u00e0 l\u2019issue de la rencontre tenue ce jour avec Monsieur le Coordinateur G\u00e9n\u00e9ral du Dialogue National Inclusif, dans le cadre de la pr\u00e9sentation officielle de la vision du groupe relative aux enjeux, orientations et perspectives de ce rendez-vous politique majeur. Cette rencontre, marqu\u00e9e par une \u00e9coute attentive &hellip;<\/p>\n","protected":false},"author":2,"featured_media":16412,"comment_status":"open","ping_status":"open","sticky":false,"template":"","format":"standard","meta":{"footnotes":""},"categories":[18,31],"tags":[],"class_list":["post-16411","post","type-post","status-publish","format-standard","has-post-thumbnail","hentry","category-actualites","category-politique-et-reportages"],"_links":{"self":[{"href":"https:\/\/ladepeche.mr\/index.php?rest_route=\/wp\/v2\/posts\/16411","targetHints":{"allow":["GET"]}}],"collection":[{"href":"https:\/\/ladepeche.mr\/index.php?rest_route=\/wp\/v2\/posts"}],"about":[{"href":"https:\/\/ladepeche.mr\/index.php?rest_route=\/wp\/v2\/types\/post"}],"author":[{"embeddable":true,"href":"https:\/\/ladepeche.mr\/index.php?rest_route=\/wp\/v2\/users\/2"}],"replies":[{"embeddable":true,"href":"https:\/\/ladepeche.mr\/index.php?rest_route=%2Fwp%2Fv2%2Fcomments&post=16411"}],"version-history":[{"count":1,"href":"https:\/\/ladepeche.mr\/index.php?rest_route=\/wp\/v2\/posts\/16411\/revisions"}],"predecessor-version":[{"id":16413,"href":"https:\/\/ladepeche.mr\/index.php?rest_route=\/wp\/v2\/posts\/16411\/revisions\/16413"}],"wp:featuredmedia":[{"embeddable":true,"href":"https:\/\/ladepeche.mr\/index.php?rest_route=\/wp\/v2\/media\/16412"}],"wp:attachment":[{"href":"https:\/\/ladepeche.mr\/index.php?rest_route=%2Fwp%2Fv2%2Fmedia&parent=16411"}],"wp:term":[{"taxonomy":"category","embeddable":true,"href":"https:\/\/ladepeche.mr\/index.php?rest_route=%2Fwp%2Fv2%2Fcategories&post=16411"},{"taxonomy":"post_tag","embeddable":true,"href":"https:\/\/ladepeche.mr\/index.php?rest_route=%2Fwp%2Fv2%2Ftags&post=16411"}],"curies":[{"name":"wp","href":"https:\/\/api.w.org\/{rel}","templated":true}]}}