{"id":16415,"date":"2025-06-20T12:29:02","date_gmt":"2025-06-20T12:29:02","guid":{"rendered":"https:\/\/ladepeche.mr\/?p=16415"},"modified":"2025-06-20T11:32:07","modified_gmt":"2025-06-20T11:32:07","slug":"niger-les-autorites-annoncent-la-nationalisation-de-la-somair-filiale-du-geant-francais-de-luranium-orano","status":"publish","type":"post","link":"https:\/\/ladepeche.mr\/?p=16415","title":{"rendered":"Niger: les autorit\u00e9s annoncent la nationalisation de la Soma\u00efr, filiale du g\u00e9ant fran\u00e7ais de l&#8217;uranium Orano"},"content":{"rendered":"<p>Apr\u00e8s plusieurs mois de crise, la junte militaire au pouvoir au Niger a annonc\u00e9 jeudi 19 juin la nationalisation de la Soma\u00efr, filiale du g\u00e9ant fran\u00e7ais de l&#8217;uranium Orano qui en avait perdu le contr\u00f4le op\u00e9rationnel depuis d\u00e9j\u00e0 plusieurs mois. Le dossier \u00e9tait devenu un symbole des tensions entre Paris et Niamey depuis le coup d&#8217;\u00c9tat contre le pr\u00e9sident Mohamed Bazoum, en juillet 2023.<br \/>\nEn d\u00e9cembre dernier, Orano avait act\u00e9 la perte du contr\u00f4le op\u00e9rationnel de ses trois filiales mini\u00e8res au Niger : le gisement d\u2019Imouraren, la mine de Cominak et celle de la Soma\u00efr. Le groupe fran\u00e7ais, qui restait toutefois majoritaire \u00e0 plus de 60 % dans ces filiales, avait alors engag\u00e9 plusieurs proc\u00e9dures d\u2019arbitrage international contre l\u2019\u00c9tat du Niger.<\/p>\n<p>Le mois dernier, Orano s\u2019\u00e9tait par ailleurs dit sans nouvelle du directeur local de la Soma\u00efr apr\u00e8s une perquisition dans les bureaux de la soci\u00e9t\u00e9 par les forces de s\u00e9curit\u00e9. \u00c0 cette occasion, du mat\u00e9riel informatique et des t\u00e9l\u00e9phones portables avaient \u00e9t\u00e9 saisis selon Orano, qui avait dans la foul\u00e9e saisi le procureur de la R\u00e9publique pour arrestation arbitraire et d\u00e9tention ill\u00e9gale.<\/p>\n<p>Jeudi, les autorit\u00e9s nig\u00e9riennes ont donc franchi une nouvelle \u00e9tape. Selon la RTN, l\u2019\u00c9tat du Niger a d\u00e9cid\u00e9 de nationaliser la Soma\u00efr \u00ab face au comportement irresponsable, ill\u00e9gal et d\u00e9loyal d&#8217;Orano, soci\u00e9t\u00e9 d\u00e9tenue par l&#8217;\u00c9tat fran\u00e7ais, un \u00c9tat ouvertement hostile au Niger \u00bb. \u00ab Par cette nationalisation, les actions et le patrimoine de la Soma\u00efr sont int\u00e9gralement transf\u00e9r\u00e9s en toute propri\u00e9t\u00e9 \u00e0 l&#8217;\u00c9tat du Niger \u00bb, a ajout\u00e9 la t\u00e9l\u00e9vision nationale avant de pr\u00e9ciser que les d\u00e9tenteurs d&#8217;actions b\u00e9n\u00e9ficieraient d&#8217;une \u00ab indemnit\u00e9 \u00bb de compensation.<br \/>\nRfi<\/p>\n","protected":false},"excerpt":{"rendered":"<p>Apr\u00e8s plusieurs mois de crise, la junte militaire au pouvoir au Niger a annonc\u00e9 jeudi 19 juin la nationalisation de la Soma\u00efr, filiale du g\u00e9ant fran\u00e7ais de l&#8217;uranium Orano qui en avait perdu le contr\u00f4le op\u00e9rationnel depuis d\u00e9j\u00e0 plusieurs mois. Le dossier \u00e9tait devenu un symbole des tensions entre Paris et Niamey depuis le coup &hellip;<\/p>\n","protected":false},"author":2,"featured_media":16416,"comment_status":"open","ping_status":"open","sticky":false,"template":"","format":"standard","meta":{"footnotes":""},"categories":[18,29],"tags":[],"class_list":["post-16415","post","type-post","status-publish","format-standard","has-post-thumbnail","hentry","category-actualites","category-monde"],"_links":{"self":[{"href":"https:\/\/ladepeche.mr\/index.php?rest_route=\/wp\/v2\/posts\/16415","targetHints":{"allow":["GET"]}}],"collection":[{"href":"https:\/\/ladepeche.mr\/index.php?rest_route=\/wp\/v2\/posts"}],"about":[{"href":"https:\/\/ladepeche.mr\/index.php?rest_route=\/wp\/v2\/types\/post"}],"author":[{"embeddable":true,"href":"https:\/\/ladepeche.mr\/index.php?rest_route=\/wp\/v2\/users\/2"}],"replies":[{"embeddable":true,"href":"https:\/\/ladepeche.mr\/index.php?rest_route=%2Fwp%2Fv2%2Fcomments&post=16415"}],"version-history":[{"count":1,"href":"https:\/\/ladepeche.mr\/index.php?rest_route=\/wp\/v2\/posts\/16415\/revisions"}],"predecessor-version":[{"id":16417,"href":"https:\/\/ladepeche.mr\/index.php?rest_route=\/wp\/v2\/posts\/16415\/revisions\/16417"}],"wp:featuredmedia":[{"embeddable":true,"href":"https:\/\/ladepeche.mr\/index.php?rest_route=\/wp\/v2\/media\/16416"}],"wp:attachment":[{"href":"https:\/\/ladepeche.mr\/index.php?rest_route=%2Fwp%2Fv2%2Fmedia&parent=16415"}],"wp:term":[{"taxonomy":"category","embeddable":true,"href":"https:\/\/ladepeche.mr\/index.php?rest_route=%2Fwp%2Fv2%2Fcategories&post=16415"},{"taxonomy":"post_tag","embeddable":true,"href":"https:\/\/ladepeche.mr\/index.php?rest_route=%2Fwp%2Fv2%2Ftags&post=16415"}],"curies":[{"name":"wp","href":"https:\/\/api.w.org\/{rel}","templated":true}]}}