{"id":16418,"date":"2025-06-20T13:37:35","date_gmt":"2025-06-20T13:37:35","guid":{"rendered":"https:\/\/ladepeche.mr\/?p=16418"},"modified":"2025-06-20T13:52:05","modified_gmt":"2025-06-20T13:52:05","slug":"face-a-la-crise-iran-israel-loci-doit-faire-entendre-une-voix-forte-la-mauritanie-en-premiere-ligne-diplomatique","status":"publish","type":"post","link":"https:\/\/ladepeche.mr\/?p=16418","title":{"rendered":"Face \u00e0 la crise Iran\u2013Isra\u00ebl, l\u2019OCI doit faire entendre une voix forte : la Mauritanie en premi\u00e8re ligne diplomatique"},"content":{"rendered":"<p>Le ministre des Affaires \u00e9trang\u00e8res, de la Coop\u00e9ration africaine et des Mauritaniens de l\u2019Ext\u00e9rieur, Mohamed Salem Ould Merzoug, arriv\u00e9 jeudi soir en Turquie, repr\u00e9sente notre pays \u00e0 ce sommet de l\u2019OCI, qui se tient les 21 et 22 juin sous le th\u00e8me : \u00abL\u2019Organisation de la coop\u00e9ration islamique dans un monde en mutation \u00bb.<br \/>\nUne th\u00e9matique \u00e0 l\u2019heure o\u00f9 les regards sont tourn\u00e9s vers l\u2019une des crises g\u00e9opolitiques les plus explosives du moment : l\u2019escalade militaire et diplomatique entre l\u2019Iran et Isra\u00ebl. Dans ce contexte sous haute tension, la Mauritanie, avec ses pairs membres doit appeler se positionner clairement. Il s\u2019agit d\u2019apporter, dans les circonstances actuelles o\u00f9 Isra\u00eal massacre les populations de Gaza et s\u2019en prend dor\u00e9navant \u00e0 l\u2019Iran pour son programme nucl\u00e9aire -alors que le sien est entour\u00e9 d\u2019une grande opacit\u00e9- de d\u00e9noncer la menace qu&#8217;il (Israel) fait peser sur la paix mondiale.<br \/>\nMalgr\u00e9 donc des divergences politiques avec plusieurs membres, l\u2019Iran reste un membre important de l&#8217;OCI dont la stabilit\u00e9 impacte toute la r\u00e9gion du Golfe. Son isolement provoqu\u00e9 face aux sanctions occidentales et \u00e0 l&#8217;agression isra\u00e9lienne contribue \u00e0 faire valoir la justesse d&#8217;un soutien agissant de l&#8217;OCI, fond\u00e9e, faut-il le rappeler, sur des principes de souverainet\u00e9, de justice et de soutien mutuel. C&#8217;est l\u2019Iran, engag\u00e9 dans des pourparlers avec les Etats-Unis qui a \u00e9t\u00e9, en effet, et \u00e0 la surprise g\u00e9n\u00e9rale, agress\u00e9 vendredi 13 juin lorsque Netanyahou a envoy\u00e9 ses avions bombard\u00e9 T\u00e9h\u00e9ran implosant la rencontre attendue deux jours plus tard.  Les d\u00e9cisions attendues de l\u2019OCI devraient au moins se hisser \u00e0 celles d\u2019une majorit\u00e9 de pays arabes qui ont condamn\u00e9 l&#8217;agression et qualifi\u00e9 l\u2019initiative isra\u00e9lienne &#8220;d\u2019aventure dangereuse&#8221;. Un soutien diplomatique clair et des actions coordonn\u00e9es sont n\u00e9cessaires pour r\u00e9tablir l\u2019\u00e9quilibre et \u00e9viter une conflagration r\u00e9gionale aux cons\u00e9quences incalculables.<br \/>\nPays de dialogue et de mod\u00e9ration, la Mauritanie, qui a condamn\u00e9 presque simultan\u00e9ment l\u2019agression isra\u00e9lienne du 13 juin 2025, devrait r\u00e9it\u00e9rer son engagement au sein de l\u2019OCI et pour favoriser une position collective ferme et sans ambages contre la poursuite de l\u2019agression qu\u2019Isra\u00eal impose \u00e0 ce pays membre de l\u2019OCI et pour un arr\u00eat inconditionnel des hostilit\u00e9s dans une r\u00e9gion meurtrie par les guerres.<br \/>\nLe sommet d\u2019Istanbul repr\u00e9sente une occasion historique pour les pays musulmans de rappeler que la solidarit\u00e9 islamique n\u2019est pas un vain slogan. Il s\u2019agira, sans doute pour la cr\u00e9dibilit\u00e9 de l\u2019OCI aupr\u00e8s des peuples musulmans, de d\u00e9passer la formule des communiqu\u00e9s vagues en adoptant une position de principe : celle de la solidarit\u00e9 face \u00e0 l\u2019agresseur du moment.<br \/>\nLe ministre Mohamed Salem Ould Merzoug, fin strat\u00e8ge et de par sa stature diplomatique, pourrait jouer au nom du pays et aux c\u00f4t\u00e9s de son h\u00f4te turc un r\u00f4le pr\u00e9pond\u00e9rant dans la formulation d\u2019une position de consensus entre les diff\u00e9rents pays membre.<\/p>\n","protected":false},"excerpt":{"rendered":"<p>Le ministre des Affaires \u00e9trang\u00e8res, de la Coop\u00e9ration africaine et des Mauritaniens de l\u2019Ext\u00e9rieur, Mohamed Salem Ould Merzoug, arriv\u00e9 jeudi soir en Turquie, repr\u00e9sente notre pays \u00e0 ce sommet de l\u2019OCI, qui se tient les 21 et 22 juin sous le th\u00e8me : \u00abL\u2019Organisation de la coop\u00e9ration islamique dans un monde en mutation \u00bb. Une &hellip;<\/p>\n","protected":false},"author":2,"featured_media":16419,"comment_status":"open","ping_status":"open","sticky":false,"template":"","format":"standard","meta":{"footnotes":""},"categories":[18,29],"tags":[],"class_list":["post-16418","post","type-post","status-publish","format-standard","has-post-thumbnail","hentry","category-actualites","category-monde"],"_links":{"self":[{"href":"https:\/\/ladepeche.mr\/index.php?rest_route=\/wp\/v2\/posts\/16418","targetHints":{"allow":["GET"]}}],"collection":[{"href":"https:\/\/ladepeche.mr\/index.php?rest_route=\/wp\/v2\/posts"}],"about":[{"href":"https:\/\/ladepeche.mr\/index.php?rest_route=\/wp\/v2\/types\/post"}],"author":[{"embeddable":true,"href":"https:\/\/ladepeche.mr\/index.php?rest_route=\/wp\/v2\/users\/2"}],"replies":[{"embeddable":true,"href":"https:\/\/ladepeche.mr\/index.php?rest_route=%2Fwp%2Fv2%2Fcomments&post=16418"}],"version-history":[{"count":3,"href":"https:\/\/ladepeche.mr\/index.php?rest_route=\/wp\/v2\/posts\/16418\/revisions"}],"predecessor-version":[{"id":16422,"href":"https:\/\/ladepeche.mr\/index.php?rest_route=\/wp\/v2\/posts\/16418\/revisions\/16422"}],"wp:featuredmedia":[{"embeddable":true,"href":"https:\/\/ladepeche.mr\/index.php?rest_route=\/wp\/v2\/media\/16419"}],"wp:attachment":[{"href":"https:\/\/ladepeche.mr\/index.php?rest_route=%2Fwp%2Fv2%2Fmedia&parent=16418"}],"wp:term":[{"taxonomy":"category","embeddable":true,"href":"https:\/\/ladepeche.mr\/index.php?rest_route=%2Fwp%2Fv2%2Fcategories&post=16418"},{"taxonomy":"post_tag","embeddable":true,"href":"https:\/\/ladepeche.mr\/index.php?rest_route=%2Fwp%2Fv2%2Ftags&post=16418"}],"curies":[{"name":"wp","href":"https:\/\/api.w.org\/{rel}","templated":true}]}}