{"id":16423,"date":"2025-06-20T17:40:56","date_gmt":"2025-06-20T17:40:56","guid":{"rendered":"https:\/\/ladepeche.mr\/?p=16423"},"modified":"2025-06-20T17:40:56","modified_gmt":"2025-06-20T17:40:56","slug":"kaedi-loffice-national-de-lassainissement-en-premiere-ligne-contre-les-inondations","status":"publish","type":"post","link":"https:\/\/ladepeche.mr\/?p=16423","title":{"rendered":"Ka\u00e9di : l\u2019Office National de l\u2019Assainissement en premi\u00e8re ligne contre les inondations"},"content":{"rendered":"<p>\u00c0 l\u2019approche de la saison des pluies, les autorit\u00e9s anticipent les risques d\u2019inondation en lan\u00e7ant une op\u00e9ration de pr\u00e9vention de grande envergure dans la ville de Ka\u00e9di notamment.<br \/>\nFace au spectre des inondations qui menace Ka\u00e9di chaque ann\u00e9e, l\u2019Office National de l\u2019Assainissement (ONAS) a lanc\u00e9 une s\u00e9rie d\u2019interventions pr\u00e9ventives majeures. Cette initiative proactive vise \u00e0 \u00e9viter la r\u00e9p\u00e9tition des crues d\u00e9vastatrices de 2022, qui avaient submerg\u00e9 plusieurs quartiers et conduit le pr\u00e9sident Mohamed Ould Cheikh El Ghazouani \u00e0 interrompre ses vacances pour se rendre d\u2019urgence sur les lieux.<br \/>\nDepuis ce traumatisme, l\u2019ONAS met en \u0153uvre chaque ann\u00e9e un plan de pr\u00e9vention. Cette ann\u00e9e encore, ses \u00e9quipes sont \u00e0 pied d\u2019\u0153uvre pour s\u00e9curiser la ville de Ka\u00e9di avant les premi\u00e8res pluies. Les travaux ont notamment port\u00e9 sur le curage des canaux de drainage \u00e0 l\u2019entr\u00e9e de Ka\u00e9di, le d\u00e9gagement des d\u00e9chets, sable et boue accumul\u00e9s, ainsi que la r\u00e9ouverture des conduits situ\u00e9s sous le pont principal de la ville. Quatre jours d\u2019intenses activit\u00e9s pour parer \u00e0 tout danger sur la ville.<br \/>\nCes interventions sont men\u00e9es avec les moyens propres de l\u2019Office, sous la supervision directe de son Directeur g\u00e9n\u00e9ral, Ahmed Zeidane Ould Mohamed Mahmoud. Des ing\u00e9nieurs, des techniciens sp\u00e9cialis\u00e9s et une importante main d\u2019\u0153uvre ont \u00e9t\u00e9 d\u00e9ploy\u00e9s pour s\u2019assurer, \u00e0 cet effet, de l\u2019efficacit\u00e9 des travaux. L\u2019ONAS semble ne rien laisser au hasard dans cette course contre la montre avec les pluies diluviennes qui, chaque ann\u00e9e, s\u2019abattent, sans pr\u00e9venir, sur toutes les r\u00e9gions sud du pays.<br \/>\nLe rempart \u00e9tabli, le Directeur g\u00e9n\u00e9ral de l\u2019ONAS s\u2019est f\u00e9licit\u00e9 de la bonne organisation et du professionnalisme des \u00e9quipes, soulignant que ces r\u00e9sultats sont le fruit d\u2019une volont\u00e9 politique claire. Il a \u00e9galement pr\u00e9cis\u00e9 que toute l\u2019op\u00e9ration est men\u00e9e dans l\u2019esprit des directives \u201cstrictes et fermes\u201d de la ministre de l\u2019Hydraulique et de l\u2019Assainissement, Amal Mint Maouloud, en application des instructions du Premier ministre, Mokhtar Ould Djiay, qui ont permis une coordination optimale entre les services concern\u00e9s.<br \/>\nLe wali du Gorgol, Mohamed Mokhtar Ould Abdi, qui a visit\u00e9 les sites concern\u00e9s, s\u2019est f\u00e9licit\u00e9 quant \u00e0 lui, \u00e0 travers la presse, de cette op\u00e9ration qualifi\u00e9e d\u2019opportune, bien ex\u00e9cut\u00e9e, et qui t\u00e9moigne du s\u00e9rieux de l\u2019ONAS et de l\u2019efficacit\u00e9 de la coop\u00e9ration intersectorielle.<br \/>\nDu c\u00f4t\u00e9 des habitants, le soulagement est palpable. Plusieurs \u00e9lus locaux et citoyens se sont dits rassur\u00e9s par cette op\u00e9ration qui pour, eux, est une action concr\u00e8te qui illustre l&#8217;engagement du pr\u00e9sident de la R\u00e9publique \u00e0 faire de la pr\u00e9vention des catastrophes naturelles une priorit\u00e9 nationale.<br \/>\nLa nouvelle strat\u00e9gie s\u2019inscrit dans une nouvelle approche des pouvoirs publics, fond\u00e9e sur l\u2019anticipation pr\u00e9coce plut\u00f4t que de se figer dans l\u2019attentisme de la r\u00e9action. A Ka\u00e9di, en tout cas, les populations se pr\u00e9parent avec enthousiasme et s\u00e9r\u00e9nit\u00e9 \u00e0 la prochaine saison des pluies.<\/p>\n<div id='gallery-1' class='gallery galleryid-16423 gallery-columns-3 gallery-size-thumbnail'><figure class='gallery-item'>\n\t\t\t<div class='gallery-icon landscape'>\n\t\t\t\t<a href='https:\/\/ladepeche.mr\/?attachment_id=16427'><img loading=\"lazy\" decoding=\"async\" width=\"150\" height=\"150\" src=\"https:\/\/ladepeche.mr\/wp-content\/uploads\/2025\/06\/IMG_5686-150x150.jpeg\" class=\"attachment-thumbnail size-thumbnail\" alt=\"\" \/><\/a>\n\t\t\t<\/div><\/figure><figure class='gallery-item'>\n\t\t\t<div class='gallery-icon landscape'>\n\t\t\t\t<a href='https:\/\/ladepeche.mr\/?attachment_id=16428'><img loading=\"lazy\" decoding=\"async\" width=\"150\" height=\"150\" src=\"https:\/\/ladepeche.mr\/wp-content\/uploads\/2025\/06\/IMG_5680-150x150.jpeg\" class=\"attachment-thumbnail size-thumbnail\" alt=\"\" \/><\/a>\n\t\t\t<\/div><\/figure><figure class='gallery-item'>\n\t\t\t<div class='gallery-icon landscape'>\n\t\t\t\t<a href='https:\/\/ladepeche.mr\/?attachment_id=16429'><img loading=\"lazy\" decoding=\"async\" width=\"150\" height=\"150\" src=\"https:\/\/ladepeche.mr\/wp-content\/uploads\/2025\/06\/IMG_5682-150x150.jpeg\" class=\"attachment-thumbnail size-thumbnail\" alt=\"\" \/><\/a>\n\t\t\t<\/div><\/figure><figure class='gallery-item'>\n\t\t\t<div class='gallery-icon landscape'>\n\t\t\t\t<a href='https:\/\/ladepeche.mr\/?attachment_id=16430'><img loading=\"lazy\" decoding=\"async\" width=\"150\" height=\"150\" src=\"https:\/\/ladepeche.mr\/wp-content\/uploads\/2025\/06\/IMG_5679-150x150.jpeg\" class=\"attachment-thumbnail size-thumbnail\" alt=\"\" \/><\/a>\n\t\t\t<\/div><\/figure><figure class='gallery-item'>\n\t\t\t<div class='gallery-icon landscape'>\n\t\t\t\t<a href='https:\/\/ladepeche.mr\/?attachment_id=16431'><img loading=\"lazy\" decoding=\"async\" width=\"150\" height=\"150\" src=\"https:\/\/ladepeche.mr\/wp-content\/uploads\/2025\/06\/IMG_5681-150x150.jpeg\" class=\"attachment-thumbnail size-thumbnail\" alt=\"\" \/><\/a>\n\t\t\t<\/div><\/figure><figure class='gallery-item'>\n\t\t\t<div class='gallery-icon landscape'>\n\t\t\t\t<a href='https:\/\/ladepeche.mr\/?attachment_id=16432'><img loading=\"lazy\" decoding=\"async\" width=\"150\" height=\"150\" src=\"https:\/\/ladepeche.mr\/wp-content\/uploads\/2025\/06\/IMG_5678-150x150.jpeg\" class=\"attachment-thumbnail size-thumbnail\" alt=\"\" \/><\/a>\n\t\t\t<\/div><\/figure><figure class='gallery-item'>\n\t\t\t<div class='gallery-icon landscape'>\n\t\t\t\t<a href='https:\/\/ladepeche.mr\/?attachment_id=16433'><img loading=\"lazy\" decoding=\"async\" width=\"150\" height=\"150\" src=\"https:\/\/ladepeche.mr\/wp-content\/uploads\/2025\/06\/IMG_5676-1-150x150.jpeg\" class=\"attachment-thumbnail size-thumbnail\" alt=\"\" \/><\/a>\n\t\t\t<\/div><\/figure><figure class='gallery-item'>\n\t\t\t<div class='gallery-icon landscape'>\n\t\t\t\t<a href='https:\/\/ladepeche.mr\/?attachment_id=16434'><img loading=\"lazy\" decoding=\"async\" width=\"150\" height=\"150\" src=\"https:\/\/ladepeche.mr\/wp-content\/uploads\/2025\/06\/IMG_5677-150x150.jpeg\" class=\"attachment-thumbnail size-thumbnail\" alt=\"\" \/><\/a>\n\t\t\t<\/div><\/figure><figure class='gallery-item'>\n\t\t\t<div class='gallery-icon landscape'>\n\t\t\t\t<a href='https:\/\/ladepeche.mr\/?attachment_id=16435'><img loading=\"lazy\" decoding=\"async\" width=\"150\" height=\"150\" src=\"https:\/\/ladepeche.mr\/wp-content\/uploads\/2025\/06\/IMG_5685-150x150.jpeg\" class=\"attachment-thumbnail size-thumbnail\" alt=\"\" \/><\/a>\n\t\t\t<\/div><\/figure><figure class='gallery-item'>\n\t\t\t<div class='gallery-icon landscape'>\n\t\t\t\t<a href='https:\/\/ladepeche.mr\/?attachment_id=16436'><img loading=\"lazy\" decoding=\"async\" width=\"150\" height=\"150\" src=\"https:\/\/ladepeche.mr\/wp-content\/uploads\/2025\/06\/IMG_5687-150x150.jpeg\" class=\"attachment-thumbnail size-thumbnail\" alt=\"\" \/><\/a>\n\t\t\t<\/div><\/figure>\n\t\t<\/div>\n\n","protected":false},"excerpt":{"rendered":"<p>\u00c0 l\u2019approche de la saison des pluies, les autorit\u00e9s anticipent les risques d\u2019inondation en lan\u00e7ant une op\u00e9ration de pr\u00e9vention de grande envergure dans la ville de Ka\u00e9di notamment. Face au spectre des inondations qui menace Ka\u00e9di chaque ann\u00e9e, l\u2019Office National de l\u2019Assainissement (ONAS) a lanc\u00e9 une s\u00e9rie d\u2019interventions pr\u00e9ventives majeures. Cette initiative proactive vise \u00e0 &hellip;<\/p>\n","protected":false},"author":2,"featured_media":16426,"comment_status":"open","ping_status":"open","sticky":false,"template":"","format":"standard","meta":{"footnotes":""},"categories":[18,21],"tags":[],"class_list":["post-16423","post","type-post","status-publish","format-standard","has-post-thumbnail","hentry","category-actualites","category-fluctuations"],"_links":{"self":[{"href":"https:\/\/ladepeche.mr\/index.php?rest_route=\/wp\/v2\/posts\/16423","targetHints":{"allow":["GET"]}}],"collection":[{"href":"https:\/\/ladepeche.mr\/index.php?rest_route=\/wp\/v2\/posts"}],"about":[{"href":"https:\/\/ladepeche.mr\/index.php?rest_route=\/wp\/v2\/types\/post"}],"author":[{"embeddable":true,"href":"https:\/\/ladepeche.mr\/index.php?rest_route=\/wp\/v2\/users\/2"}],"replies":[{"embeddable":true,"href":"https:\/\/ladepeche.mr\/index.php?rest_route=%2Fwp%2Fv2%2Fcomments&post=16423"}],"version-history":[{"count":3,"href":"https:\/\/ladepeche.mr\/index.php?rest_route=\/wp\/v2\/posts\/16423\/revisions"}],"predecessor-version":[{"id":16438,"href":"https:\/\/ladepeche.mr\/index.php?rest_route=\/wp\/v2\/posts\/16423\/revisions\/16438"}],"wp:featuredmedia":[{"embeddable":true,"href":"https:\/\/ladepeche.mr\/index.php?rest_route=\/wp\/v2\/media\/16426"}],"wp:attachment":[{"href":"https:\/\/ladepeche.mr\/index.php?rest_route=%2Fwp%2Fv2%2Fmedia&parent=16423"}],"wp:term":[{"taxonomy":"category","embeddable":true,"href":"https:\/\/ladepeche.mr\/index.php?rest_route=%2Fwp%2Fv2%2Fcategories&post=16423"},{"taxonomy":"post_tag","embeddable":true,"href":"https:\/\/ladepeche.mr\/index.php?rest_route=%2Fwp%2Fv2%2Ftags&post=16423"}],"curies":[{"name":"wp","href":"https:\/\/api.w.org\/{rel}","templated":true}]}}