{"id":16439,"date":"2025-06-20T18:00:08","date_gmt":"2025-06-20T18:00:08","guid":{"rendered":"https:\/\/ladepeche.mr\/?p=16439"},"modified":"2025-06-20T17:48:11","modified_gmt":"2025-06-20T17:48:11","slug":"le-president-de-la-transition-malienne-attendu-en-visite-officielle-a-moscou-du-21-au-26-juin-2025","status":"publish","type":"post","link":"https:\/\/ladepeche.mr\/?p=16439","title":{"rendered":"Le pr\u00e9sident de la transition malienne attendu en visite officielle \u00e0 Moscou du 21 au 26 juin 2025"},"content":{"rendered":"<p>Moscou, 20 juin (AMAP) Le pr\u00e9sident de la Transition, le g\u00e9n\u00e9ral d\u2019Arm\u00e9e Assimi Go\u00efta effectuera, du 21 au 26 juin 2025, une visite officielle en F\u00e9d\u00e9ration de Russie, sur invitation de son homologue russe, le pr\u00e9sident Vladmir Poutine, dans le cadre du renforcement des relations bilat\u00e9rales strat\u00e9giques entre le Mali et la Russie, ainsi que de la diversification des partenariats.<\/p>\n<p>Cette visite est pr\u00e9sent\u00e9e comme une confirmation de l\u2019excellente sant\u00e9 des relations entre nos deux pays. \u00ab Premier d\u00e9placement du chef de l\u2019\u00c9tat dans le cadre des relations bilat\u00e9rales avec la Russie, depuis sa prise de fonction en mai 2021, cette visite officielle est une \u00e9tape importante dans le renforcement des relations entre le Mali et la Russie. Le Pr\u00e9sident de la Transition avait \u00e9galement r\u00e9serv\u00e9 \u00e0 la F\u00e9d\u00e9ration de Russie son premier d\u00e9placement hors des fronti\u00e8res nationales, \u00e0 l\u2019occasion de sa participation au 2e Sommet Russie-Afrique, tenu \u00e0 Saint-P\u00e9tersbourg du 27 au 30 juillet 2023 \u00bb, pr\u00e9cise une note d\u2019information des services de la Pr\u00e9sidence malienne.<\/p>\n<p>La note rel\u00e8ve le lien important de cette visite avec la pr\u00e9sidence de la Conf\u00e9d\u00e9ration AES assur\u00e9e par le Mali. C\u2019est surtout une occasion de haute port\u00e9e diplomatique. C\u2019est la premi\u00e8re fois que le pr\u00e9sident Go\u00efta sera face \u00e0 son homologue russe dans un cadre purement bilat\u00e9ral.<\/p>\n<p>Il y a deux ans, les deux dirigeants se sont remncontr\u00e9s, pour la premi\u00e8re fois, dans un cadre multilat\u00e9ral, \u00e0 l\u2019occasion du sommet Russie-Afrique les 27 et 28 juillet 2023, \u00e0 Saint-P\u00e9tersbourg. En marge, les deux parties ont sign\u00e9 un \u00ab M\u00e9morandum d\u2019Entente relatif \u00e0 la cr\u00e9ation d\u2019un m\u00e9canisme de consultation sur la coop\u00e9ration \u00e9conomique, commerciale et d\u2019investissements \u00bb.<\/p>\n<p>Les deux chefs d\u2019\u00c9tat ont pu jauger le niveau d\u2019estime r\u00e9ciproque et pass\u00e9 en revue l\u2019\u00e9tat des relations bilat\u00e9rales, \u00e0 un moment o\u00f9 le Mali connaissait une agression accrue des groupes arm\u00e9s terroristes et la mise en \u0153uvre complexe du d\u00e9funt Accord pour la paix et la r\u00e9conciliation, issu du processus d\u2019Alger.<\/p>\n<p>Deux ans apr\u00e8s Saint P\u00e9tersbourg, les pr\u00e9sidents Go\u00efta et Poutine auront l\u2019occasion, d\u00e8s ce samedi, de faire un large tour d\u2019horizon de tous les secteurs de coop\u00e9ration entre nos deux pays, notamment la d\u00e9fense, la s\u00e9curit\u00e9, l\u2019\u00e9conomie, l\u2019\u00e9ducation, les technologies.<\/p>\n<p>En vue d\u2019affermir les liens politiques, diplomatiques, \u00e9conomiques, il est attendu la signature de plusieurs accords dans les domaines prioritaires : \u00e9nergie, \u00e9conomie, d\u00e9fense, enseignement sup\u00e9rieur, culture, agriculture ou encore des nouvelles technologies de la communication.<\/p>\n<p>Sur le plan multilat\u00e9ral, les relations entre la F\u00e9d\u00e9ration de Russie et la Conf\u00e9d\u00e9ration des \u00c9tats du Sahel (AES) sera \u00e9galement au menu. On se rappelle, \u00e0 l\u2019invitation du gouvernement de la F\u00e9d\u00e9ration de Russie, la premi\u00e8re session des consultations des ministres des Affaires \u00e9trang\u00e8res de la Conf\u00e9d\u00e9ration des \u00c9tats du Sahel (AES) et de la F\u00e9d\u00e9ration de Russie s\u2019est tenue \u00e0 Moscou le 3 avril 2025.<\/p>\n<p>Dans le domaine de la s\u00e9curit\u00e9 et de la d\u00e9fense, les Parties russe et conf\u00e9d\u00e9rale ont convenu d\u2019\u00e9tablir un partenariat strat\u00e9gique pragmatique et solidaire. Elles ont, \u00e9galement, exprim\u00e9 leur engagement pour intensifier la lutte contre le terrorisme et l\u2019ins\u00e9curit\u00e9 sous toutes ses formes dans l\u2019espace AES.<\/p>\n<p>De part et d\u2019autre, les visites de travail au niveau technique, strat\u00e9gique et diplomatique se sont multipli\u00e9es. Le vice-Premier ministre russe, Alexandre Novak, a s\u00e9journ\u00e9 \u00e0 Bamako, le 28 novembre 2024 et les 3 et 4 avril 2025, le ministre des Affaires \u00e9trang\u00e8res et de la Coop\u00e9ration internationale, Abdoulaye Diop, s\u2019est rendu \u00e0 Moscou, avec ses deux homologues de la Conf\u00e9d\u00e9ration AES pour discuter avec le Chef de la diplomatie russe, Serguei Lavrov.<br \/>\nENJEUX ET ATTENTES \u2013 Le lundi 16 juin dernier, s\u2019adressant \u00e0 la presse \u00e0 l\u2019issue de la pose de la premi\u00e8re pierre de la raffinerie d\u2019or \u00e0 S\u00e9nou, le pr\u00e9sident Go\u00efta a rappel\u00e9 l\u2019esprit qui anime son homologue russe et lui-m\u00eame, sur le rythme \u00e0 imprimer \u00e0 la coop\u00e9ration entre les deux pays.<\/p>\n<p>Du point de vue des deux dirigeants, le partenariat sur le plan s\u00e9curitaire \u00e9tant d\u00e9j\u00e0 en place, il faut, d\u00e9sormais, mettre l\u2019accent sur la coop\u00e9ration \u00e9conomique. La pr\u00e9sence du groupe russe Yadran comme partenaire strat\u00e9gique et investisseur sur le projet de raffinerie atteste de cette trajectoire, \u00e0 la veille de cette visite d\u2019\u00c9tat du pr\u00e9sident malien en terre russe.<\/p>\n<p>Dans le domaine \u00e9conomique et commercial, des actions significatives ont d\u00e9j\u00e0 \u00e9t\u00e9 pos\u00e9es et qui fondent l\u2019espoir en un avenir prometteur. Livraisons de bl\u00e9, d\u2019engrais, d\u2019hydrocarbures et d\u2019huile de tournesol ont ouvert la voie d\u2019une coop\u00e9ration \u00e9conomique mutuellement avantageuse. Dans le sillage de cette visite pr\u00e9sidentielle, la coop\u00e9ration dans des secteurs strat\u00e9giques tels que l\u2019\u00e9nergie, les transports, l\u2019agriculture, les infrastructures et l\u2019exploitation mini\u00e8re sera davantage explor\u00e9e, comme une suite de la visite du vice-Premier ministre russe en novembre dernier.<\/p>\n<p>Les deux gouvernements mettront \u00e0 profit cette nouvelle opportunit\u00e9 diplomatique pour  r\u00e9fl\u00e9chir \u00e0 la mise en place d\u2019un m\u00e9canisme de paiement direct entre les institutions bancaires maliennes et la Banque centrale de Russie, pour promouvoir le d\u00e9veloppement des investissements russes au Mali, le transfert de technologies pour la digitalisation de l\u2019administration fiscale\u2009 et pour poursuivre le renforcement de la coop\u00e9ration militaire, notamment par l\u2019examen de solutions alternatives pour les paiements des \u00e9quipements.<\/p>\n<p>Autant de leviers qui encourageront Maliens et Russes \u00e0 rendre effective l\u2019op\u00e9rationnalisation de la Commission intergouvernementale sur la coop\u00e9ration commerciale, \u00e9conomique, scientifique et technique.<\/p>\n<p>Au plan de la coop\u00e9ration s\u00e9curitaire et militaire, l\u2019ambassadeur du Mali \u00e0 Moscou, Seydou Kamissoko, a particip\u00e9, jeudi, \u00e0 la sortie de promotion de militaires maliens en formation en Russie.<\/p>\n<p>\u00c0 Bamako, la prise de fonction de l\u2019Attach\u00e9 de D\u00e9fense \u00e0 l\u2019ambassade de Russie et l\u2019entr\u00e9e en vigueur de l\u2019Accord de coop\u00e9ration militaire en janvier 2025 sont des preuves du dynamisme de cette coop\u00e9ration exemplaire et envi\u00e9e sous d\u2019autres cieux.<\/p>\n<p>Le Mali et la F\u00e9d\u00e9ration de Russie sont engag\u00e9s, dans un partenariat, \u00e0 la construction d\u2019un monde plus juste, multipolaire et orient\u00e9 vers le respect des souverainet\u00e9s des Etats, dans tous les domaines, dans une conjoncture g\u00e9ostrat\u00e9gique de sanctions et ou d\u2019hostilit\u00e9s<\/p>\n<p>AMAP.ml<br \/>\nPhoto LDM google<\/p>\n","protected":false},"excerpt":{"rendered":"<p>Moscou, 20 juin (AMAP) Le pr\u00e9sident de la Transition, le g\u00e9n\u00e9ral d\u2019Arm\u00e9e Assimi Go\u00efta effectuera, du 21 au 26 juin 2025, une visite officielle en F\u00e9d\u00e9ration de Russie, sur invitation de son homologue russe, le pr\u00e9sident Vladmir Poutine, dans le cadre du renforcement des relations bilat\u00e9rales strat\u00e9giques entre le Mali et la Russie, ainsi que &hellip;<\/p>\n","protected":false},"author":2,"featured_media":1418,"comment_status":"open","ping_status":"open","sticky":false,"template":"","format":"standard","meta":{"footnotes":""},"categories":[18,29],"tags":[],"class_list":["post-16439","post","type-post","status-publish","format-standard","has-post-thumbnail","hentry","category-actualites","category-monde"],"_links":{"self":[{"href":"https:\/\/ladepeche.mr\/index.php?rest_route=\/wp\/v2\/posts\/16439","targetHints":{"allow":["GET"]}}],"collection":[{"href":"https:\/\/ladepeche.mr\/index.php?rest_route=\/wp\/v2\/posts"}],"about":[{"href":"https:\/\/ladepeche.mr\/index.php?rest_route=\/wp\/v2\/types\/post"}],"author":[{"embeddable":true,"href":"https:\/\/ladepeche.mr\/index.php?rest_route=\/wp\/v2\/users\/2"}],"replies":[{"embeddable":true,"href":"https:\/\/ladepeche.mr\/index.php?rest_route=%2Fwp%2Fv2%2Fcomments&post=16439"}],"version-history":[{"count":1,"href":"https:\/\/ladepeche.mr\/index.php?rest_route=\/wp\/v2\/posts\/16439\/revisions"}],"predecessor-version":[{"id":16441,"href":"https:\/\/ladepeche.mr\/index.php?rest_route=\/wp\/v2\/posts\/16439\/revisions\/16441"}],"wp:featuredmedia":[{"embeddable":true,"href":"https:\/\/ladepeche.mr\/index.php?rest_route=\/wp\/v2\/media\/1418"}],"wp:attachment":[{"href":"https:\/\/ladepeche.mr\/index.php?rest_route=%2Fwp%2Fv2%2Fmedia&parent=16439"}],"wp:term":[{"taxonomy":"category","embeddable":true,"href":"https:\/\/ladepeche.mr\/index.php?rest_route=%2Fwp%2Fv2%2Fcategories&post=16439"},{"taxonomy":"post_tag","embeddable":true,"href":"https:\/\/ladepeche.mr\/index.php?rest_route=%2Fwp%2Fv2%2Ftags&post=16439"}],"curies":[{"name":"wp","href":"https:\/\/api.w.org\/{rel}","templated":true}]}}