{"id":16442,"date":"2025-06-20T18:53:30","date_gmt":"2025-06-20T18:53:30","guid":{"rendered":"https:\/\/ladepeche.mr\/?p=16442"},"modified":"2025-06-20T18:53:30","modified_gmt":"2025-06-20T18:53:30","slug":"plan-mattei-giorgia-meloni-investit-en-afrique-pour-mieux-dire-non-a-limmigration","status":"publish","type":"post","link":"https:\/\/ladepeche.mr\/?p=16442","title":{"rendered":"Plan Mattei : Giorgia Meloni investit en Afrique pour mieux dire non \u00e0 l\u2019immigration"},"content":{"rendered":"<p>La cheffe du gouvernement italien promeut son dispositif ce vendredi lors d\u2019un sommet co-pr\u00e9sid\u00e9 par Ursula von der Leyen. Ces investissements, notamment dans le domaine de l\u2019\u00e9nergie, sont aussi un moyen de renforcer l\u2019influence de Rome sur le continent africain.<br \/>\nElle multiplie les strat\u00e9gies de coop\u00e9ration avec les partenaires africains, notamment l\u2019Alg\u00e9rie, depuis son arriv\u00e9e au pouvoir en Italie fin 2022. Giorgia Meloni promeut ce vendredi 20 juin son \u00ab plan Mattei \u00bb, du nom du p\u00e8re fondateur du g\u00e9ant italien des hydrocarbures Eni, aux c\u00f4t\u00e9s de la pr\u00e9sidente de la Commission europ\u00e9enne. Rome promet des relations avec l\u2019Afrique d\u00e9nu\u00e9es de \u00ab paternalisme \u00bb.<br \/>\nLe dirigeante ultraconservatrice entend supprimer les racines de l\u2019immigration clandestine en Italie en soutenant les \u00e9conomies des \u00c9tats africains. D\u2019apr\u00e8s le gouvernement italien, le \u00ab plan Mattei \u00bb mobilisera 5,5 milliards d\u2019euros. Mais selon un rapport officiel de novembre, moins de deux milliards d\u2019euros ont d\u00e9j\u00e0 \u00e9t\u00e9 assign\u00e9s par l\u2019Italie \u00e0 des projets pr\u00e9cis, sous la forme de dons, de pr\u00eats ou de garanties sur plusieurs ann\u00e9es.<\/p>\n<p><strong>Renforcer les relations commerciales<\/strong><br \/>\nQuatorze pays africains sont concern\u00e9s, notamment ceux du Maghreb \u2014 sauf la Libye \u2014, le S\u00e9n\u00e9gal, la C\u00f4te d\u2019Ivoire, le Kenya ainsi que l\u2019\u00c9thiopie, o\u00f9 Rome a un pass\u00e9 colonial. En plus de l\u2019objectif migratoire, le plan a aussi pour but d\u2019am\u00e9liorer les liens commerciaux entre l\u2019Italie et les \u00c9tats africains. La guerre en Ukraine a par ailleurs forc\u00e9 le pays \u00e0 aller chercher des fournisseurs d\u2019hydrocarbures du c\u00f4t\u00e9 de l\u2019Alg\u00e9rie notamment.<br \/>\nLes projets plus importants en termes de financements concernent l\u2019\u00e9nergie et les mati\u00e8res premi\u00e8res, tandis que d\u2019autres fonds sont destin\u00e9s \u00e0 l\u2019\u00e9ducation, la sant\u00e9 et l\u2019acc\u00e8s \u00e0 l\u2019eau. L\u2019Italie compte par exemple participer au financement d\u2019une voie ferr\u00e9e entre la Zambie et l\u2019Angola, et investir 65 millions d\u2019euros dans la production de biocarburants au Kenya.<br \/>\nLire la suite sur https:\/\/www.msn.com\/fr-xl\/actualite\/other\/plan-mattei-giorgia-meloni-investit-en-afrique-pour-mieux-dire-non-%C3%A0-l-immigration\/ar-AA1H6CRL?ocid=msedgntp&#038;pc=U531&#038;cvid=ebc782e1243a486e89093ced1a8e2f68&#038;ei=25<\/p>\n","protected":false},"excerpt":{"rendered":"<p>La cheffe du gouvernement italien promeut son dispositif ce vendredi lors d\u2019un sommet co-pr\u00e9sid\u00e9 par Ursula von der Leyen. Ces investissements, notamment dans le domaine de l\u2019\u00e9nergie, sont aussi un moyen de renforcer l\u2019influence de Rome sur le continent africain. Elle multiplie les strat\u00e9gies de coop\u00e9ration avec les partenaires africains, notamment l\u2019Alg\u00e9rie, depuis son arriv\u00e9e &hellip;<\/p>\n","protected":false},"author":2,"featured_media":16443,"comment_status":"open","ping_status":"open","sticky":false,"template":"","format":"standard","meta":{"footnotes":""},"categories":[18,29],"tags":[],"class_list":["post-16442","post","type-post","status-publish","format-standard","has-post-thumbnail","hentry","category-actualites","category-monde"],"_links":{"self":[{"href":"https:\/\/ladepeche.mr\/index.php?rest_route=\/wp\/v2\/posts\/16442","targetHints":{"allow":["GET"]}}],"collection":[{"href":"https:\/\/ladepeche.mr\/index.php?rest_route=\/wp\/v2\/posts"}],"about":[{"href":"https:\/\/ladepeche.mr\/index.php?rest_route=\/wp\/v2\/types\/post"}],"author":[{"embeddable":true,"href":"https:\/\/ladepeche.mr\/index.php?rest_route=\/wp\/v2\/users\/2"}],"replies":[{"embeddable":true,"href":"https:\/\/ladepeche.mr\/index.php?rest_route=%2Fwp%2Fv2%2Fcomments&post=16442"}],"version-history":[{"count":1,"href":"https:\/\/ladepeche.mr\/index.php?rest_route=\/wp\/v2\/posts\/16442\/revisions"}],"predecessor-version":[{"id":16444,"href":"https:\/\/ladepeche.mr\/index.php?rest_route=\/wp\/v2\/posts\/16442\/revisions\/16444"}],"wp:featuredmedia":[{"embeddable":true,"href":"https:\/\/ladepeche.mr\/index.php?rest_route=\/wp\/v2\/media\/16443"}],"wp:attachment":[{"href":"https:\/\/ladepeche.mr\/index.php?rest_route=%2Fwp%2Fv2%2Fmedia&parent=16442"}],"wp:term":[{"taxonomy":"category","embeddable":true,"href":"https:\/\/ladepeche.mr\/index.php?rest_route=%2Fwp%2Fv2%2Fcategories&post=16442"},{"taxonomy":"post_tag","embeddable":true,"href":"https:\/\/ladepeche.mr\/index.php?rest_route=%2Fwp%2Fv2%2Ftags&post=16442"}],"curies":[{"name":"wp","href":"https:\/\/api.w.org\/{rel}","templated":true}]}}