{"id":16448,"date":"2025-06-20T20:30:42","date_gmt":"2025-06-20T20:30:42","guid":{"rendered":"https:\/\/ladepeche.mr\/?p=16448"},"modified":"2025-06-20T19:01:58","modified_gmt":"2025-06-20T19:01:58","slug":"sahara-marocain-un-drone-neutralise-des-vehicules-dans-la-zone-tampon","status":"publish","type":"post","link":"https:\/\/ladepeche.mr\/?p=16448","title":{"rendered":"Sahara marocain : un drone neutralise des v\u00e9hicules dans la zone tampon"},"content":{"rendered":"<p>Selon une source bien inform\u00e9e au sein des syndicats de l\u2019exploitation artisanale mini\u00e8re en Mauritanie, un drone des Forces Arm\u00e9es Royales (FAR) du Maroc a cibl\u00e9, jeudi, trois v\u00e9hicules appartenant \u00e0 des orpailleurs mauritaniens qui s\u2019\u00e9taient introduits dans la zone tampon, au niveau de la r\u00e9gion de \u00ab Karzaz \u00bb.<br \/>\nL\u2019attaque a caus\u00e9 des d\u00e9g\u00e2ts mat\u00e9riels importants aux v\u00e9hicules, mais aucune perte humaine n\u2019est \u00e0 d\u00e9plorer.<\/p>\n<p>Des incidents de ce genre se sont multipli\u00e9s ces derni\u00e8res semaines, visant des orpailleurs mauritaniens en qu\u00eate d\u2019or dans cette zone interdite d\u2019acc\u00e8s, plac\u00e9e sous surveillance \u00e9troite de l\u2019arm\u00e9e marocaine, en d\u00e9pit des mises en garde r\u00e9p\u00e9t\u00e9es des autorit\u00e9s de Nouakchott, qui ont exhort\u00e9 \u00e0 plusieurs reprises les chercheurs d\u2019or \u00e0 respecter strictement les consignes de s\u00e9curit\u00e9, notamment en limitant leurs activit\u00e9s au territoire mauritanien.<\/p>\n<p>Plusieurs syndicats mauritaniens du secteur minier artisanal ont, de leur c\u00f4t\u00e9, soulign\u00e9 l\u2019importance du respect de la souverainet\u00e9 territoriale du Maroc. \u00c0 de nombreuses occasions, ils ont exprim\u00e9 leur inqui\u00e9tude face au non-respect des instructions par certains orpailleurs, particuli\u00e8rement celles li\u00e9es \u00e0 l\u2019int\u00e9grit\u00e9 des fronti\u00e8res. Ils ont \u00e9galement demand\u00e9 que des mesures strictes soient prises pour emp\u00eacher de telles violations.<br \/>\nCes syndicats appellent les autorit\u00e9s mauritaniennes \u00e0 renforcer la pr\u00e9sence s\u00e9curitaire et militaire dans les zones frontali\u00e8res, \u00e0 travers la mise en place de patrouilles r\u00e9guli\u00e8res et de postes de contr\u00f4le permanents, afin de dissuader ce type de comportements, qui placent l\u2019\u00c9tat mauritanien dans une position d\u00e9licate.<\/p>\n<p>Ils demandent \u00e9galement un renforcement de la coordination avec le Maroc, afin de limiter toute activit\u00e9 non d\u00e9sir\u00e9e aux abords de la fronti\u00e8re, en particulier face \u00e0 la fermet\u00e9 des FAR dans leur gestion des mouvements suspects dans la zone tampon.<\/p>\n<p>The post Sahara marocain : un drone neutralise des v\u00e9hicules dans la zone tampon appeared first on Hespress Fran\u00e7ais &#8211; Actualit\u00e9s du Maroc.<\/p>\n","protected":false},"excerpt":{"rendered":"<p>Selon une source bien inform\u00e9e au sein des syndicats de l\u2019exploitation artisanale mini\u00e8re en Mauritanie, un drone des Forces Arm\u00e9es Royales (FAR) du Maroc a cibl\u00e9, jeudi, trois v\u00e9hicules appartenant \u00e0 des orpailleurs mauritaniens qui s\u2019\u00e9taient introduits dans la zone tampon, au niveau de la r\u00e9gion de \u00ab Karzaz \u00bb. L\u2019attaque a caus\u00e9 des d\u00e9g\u00e2ts &hellip;<\/p>\n","protected":false},"author":2,"featured_media":16449,"comment_status":"open","ping_status":"open","sticky":false,"template":"","format":"standard","meta":{"footnotes":""},"categories":[18],"tags":[],"class_list":["post-16448","post","type-post","status-publish","format-standard","has-post-thumbnail","hentry","category-actualites"],"_links":{"self":[{"href":"https:\/\/ladepeche.mr\/index.php?rest_route=\/wp\/v2\/posts\/16448","targetHints":{"allow":["GET"]}}],"collection":[{"href":"https:\/\/ladepeche.mr\/index.php?rest_route=\/wp\/v2\/posts"}],"about":[{"href":"https:\/\/ladepeche.mr\/index.php?rest_route=\/wp\/v2\/types\/post"}],"author":[{"embeddable":true,"href":"https:\/\/ladepeche.mr\/index.php?rest_route=\/wp\/v2\/users\/2"}],"replies":[{"embeddable":true,"href":"https:\/\/ladepeche.mr\/index.php?rest_route=%2Fwp%2Fv2%2Fcomments&post=16448"}],"version-history":[{"count":1,"href":"https:\/\/ladepeche.mr\/index.php?rest_route=\/wp\/v2\/posts\/16448\/revisions"}],"predecessor-version":[{"id":16450,"href":"https:\/\/ladepeche.mr\/index.php?rest_route=\/wp\/v2\/posts\/16448\/revisions\/16450"}],"wp:featuredmedia":[{"embeddable":true,"href":"https:\/\/ladepeche.mr\/index.php?rest_route=\/wp\/v2\/media\/16449"}],"wp:attachment":[{"href":"https:\/\/ladepeche.mr\/index.php?rest_route=%2Fwp%2Fv2%2Fmedia&parent=16448"}],"wp:term":[{"taxonomy":"category","embeddable":true,"href":"https:\/\/ladepeche.mr\/index.php?rest_route=%2Fwp%2Fv2%2Fcategories&post=16448"},{"taxonomy":"post_tag","embeddable":true,"href":"https:\/\/ladepeche.mr\/index.php?rest_route=%2Fwp%2Fv2%2Ftags&post=16448"}],"curies":[{"name":"wp","href":"https:\/\/api.w.org\/{rel}","templated":true}]}}