{"id":16454,"date":"2025-06-21T14:37:14","date_gmt":"2025-06-21T14:37:14","guid":{"rendered":"https:\/\/ladepeche.mr\/?p=16454"},"modified":"2025-06-21T14:37:14","modified_gmt":"2025-06-21T14:37:14","slug":"demarrage-des-travaux-de-la-51eme-session-des-ministres-des-affaires-etrangeres-de-lorganisation-de-la-cooperation-islamique-oci-a-istanbul","status":"publish","type":"post","link":"https:\/\/ladepeche.mr\/?p=16454","title":{"rendered":"D\u00e9marrage des travaux de la 51\u00e8me session des ministres des Affaires \u00e9trang\u00e8res de l\u2019Organisation de la coop\u00e9ration islamique (OCI) \u00e0 Istanbul"},"content":{"rendered":"<p>La 51\u00e8me session du Conseil des ministres des Affaires \u00e9trang\u00e8res des Etats membres de l\u2019Organisation de la coop\u00e9ration islamique (OCI) a d\u00e9but\u00e9 samedi dans la ville turque d\u2019Istanbul.<\/p>\n<p>Le pr\u00e9sident turc Recep Tayyip Erdo\u011fan a ouvert la r\u00e9union par un discours d\u00e9non\u00e7ant l\u2019agression isra\u00e9lienne contre l\u2019Iran, soulignant que les ambitions sionistes du Premier ministre isra\u00e9lien Benjamin Netanyahu visent \u00e0 entra\u00eener le monde dans le d\u00e9sastre.<\/p>\n<p>Il a qualifi\u00e9 de \u00ab piraterie \u00bb les attaques isra\u00e9liennes contre Gaza, le Liban, le Y\u00e9men, la Syrie et l\u2019Iran et a appel\u00e9 le monde musulman \u00e0 \u00ab rejeter les diff\u00e9rences et \u00e0 s\u2019unir lorsqu\u2019il s\u2019agit de nos questions et int\u00e9r\u00eats communs \u00bb.<\/p>\n<p>Le pr\u00e9sident turc s\u2019est f\u00e9licit\u00e9 du retour de la Syrie au sein de l\u2019Organisation de la coop\u00e9ration islamique (OCI) et des progr\u00e8s r\u00e9alis\u00e9s en vue de son int\u00e9gration dans la communaut\u00e9 internationale.<\/p>\n<p>Le ministre turc des affaires \u00e9trang\u00e8res, Hakan Fidan, a succ\u00e9d\u00e9 \u00e0 l\u2019ancien pr\u00e9sident du Conseil de l\u2019OCI, le ministre camerounais des affaires \u00e9trang\u00e8res, Logone Mbella Mbella, \u00e0 la pr\u00e9sidence de la r\u00e9union.<\/p>\n<p>Une quarantaine de responsables au rang de premiers ministres et de ministres des affaires \u00e9trang\u00e8res participent \u00e0 cette session de deux jours.<\/p>\n<p>Environ 1 000 participants des 57 \u00c9tats membres de l\u2019OCI, ainsi que des institutions de l\u2019OCI, des \u00c9tats observateurs et d\u2019autres organisations internationales assistent \u00e9galement \u00e0 cette session.<br \/>\nAmi<\/p>\n","protected":false},"excerpt":{"rendered":"<p>La 51\u00e8me session du Conseil des ministres des Affaires \u00e9trang\u00e8res des Etats membres de l\u2019Organisation de la coop\u00e9ration islamique (OCI) a d\u00e9but\u00e9 samedi dans la ville turque d\u2019Istanbul. Le pr\u00e9sident turc Recep Tayyip Erdo\u011fan a ouvert la r\u00e9union par un discours d\u00e9non\u00e7ant l\u2019agression isra\u00e9lienne contre l\u2019Iran, soulignant que les ambitions sionistes du Premier ministre isra\u00e9lien &hellip;<\/p>\n","protected":false},"author":2,"featured_media":16455,"comment_status":"open","ping_status":"open","sticky":false,"template":"","format":"standard","meta":{"footnotes":""},"categories":[18,29],"tags":[],"class_list":["post-16454","post","type-post","status-publish","format-standard","has-post-thumbnail","hentry","category-actualites","category-monde"],"_links":{"self":[{"href":"https:\/\/ladepeche.mr\/index.php?rest_route=\/wp\/v2\/posts\/16454","targetHints":{"allow":["GET"]}}],"collection":[{"href":"https:\/\/ladepeche.mr\/index.php?rest_route=\/wp\/v2\/posts"}],"about":[{"href":"https:\/\/ladepeche.mr\/index.php?rest_route=\/wp\/v2\/types\/post"}],"author":[{"embeddable":true,"href":"https:\/\/ladepeche.mr\/index.php?rest_route=\/wp\/v2\/users\/2"}],"replies":[{"embeddable":true,"href":"https:\/\/ladepeche.mr\/index.php?rest_route=%2Fwp%2Fv2%2Fcomments&post=16454"}],"version-history":[{"count":1,"href":"https:\/\/ladepeche.mr\/index.php?rest_route=\/wp\/v2\/posts\/16454\/revisions"}],"predecessor-version":[{"id":16456,"href":"https:\/\/ladepeche.mr\/index.php?rest_route=\/wp\/v2\/posts\/16454\/revisions\/16456"}],"wp:featuredmedia":[{"embeddable":true,"href":"https:\/\/ladepeche.mr\/index.php?rest_route=\/wp\/v2\/media\/16455"}],"wp:attachment":[{"href":"https:\/\/ladepeche.mr\/index.php?rest_route=%2Fwp%2Fv2%2Fmedia&parent=16454"}],"wp:term":[{"taxonomy":"category","embeddable":true,"href":"https:\/\/ladepeche.mr\/index.php?rest_route=%2Fwp%2Fv2%2Fcategories&post=16454"},{"taxonomy":"post_tag","embeddable":true,"href":"https:\/\/ladepeche.mr\/index.php?rest_route=%2Fwp%2Fv2%2Ftags&post=16454"}],"curies":[{"name":"wp","href":"https:\/\/api.w.org\/{rel}","templated":true}]}}