{"id":16457,"date":"2025-06-21T14:42:07","date_gmt":"2025-06-21T14:42:07","guid":{"rendered":"https:\/\/ladepeche.mr\/?p=16457"},"modified":"2025-06-21T14:42:07","modified_gmt":"2025-06-21T14:42:07","slug":"le-premier-ministre-preside-une-reunion-du-comite-ministeriel-charge-du-developpement-du-partenariat-public-prive","status":"publish","type":"post","link":"https:\/\/ladepeche.mr\/?p=16457","title":{"rendered":"Le Premier ministre pr\u00e9side une r\u00e9union du Comit\u00e9 minist\u00e9riel charg\u00e9 du d\u00e9veloppement du partenariat public-priv\u00e9"},"content":{"rendered":"<p>Son Excellence le Premier ministre, M. El Mokhtar Ould Djay, a pr\u00e9sid\u00e9, aujourd\u2019hui vendredi, dans la salle de r\u00e9union du Premier minist\u00e8re \u00e0 Nouakchott, une r\u00e9union du Comit\u00e9 minist\u00e9riel charg\u00e9 du d\u00e9veloppement du partenariat public-priv\u00e9.<\/p>\n<p>L\u2019ordre du jour a port\u00e9 sur le projet de construction d\u2019une centrale \u00e9lectrique d\u2019une capacit\u00e9 de 60 m\u00e9gawatts d\u2019\u00e9nergie propre \u00e0 Nouakchott, qui fonctionnera \u00e0 l\u2019\u00e9nergie solaire, \u00e9olienne ou les deux combin\u00e9es.<\/p>\n<p>Apr\u00e8s la pr\u00e9sentation et l\u2019explication d\u00e9taill\u00e9e par le comit\u00e9 technique charg\u00e9 de ce dossier et l\u2019examen des conclusions de l\u2019\u00e9valuation des offres techniques et financi\u00e8res, le Comit\u00e9 minist\u00e9riel a approuv\u00e9 le d\u00e9but des n\u00e9gociations avec l\u2019entreprise ayant la meilleure offre, conform\u00e9ment aux dispositions de la loi 2024-041 du 30 octobre 2024 relative au partenariat public-priv\u00e9, en tenant compte des recommandations et des r\u00e9serves soulev\u00e9es lors de la r\u00e9union.<br \/>\nAmi<\/p>\n","protected":false},"excerpt":{"rendered":"<p>Son Excellence le Premier ministre, M. El Mokhtar Ould Djay, a pr\u00e9sid\u00e9, aujourd\u2019hui vendredi, dans la salle de r\u00e9union du Premier minist\u00e8re \u00e0 Nouakchott, une r\u00e9union du Comit\u00e9 minist\u00e9riel charg\u00e9 du d\u00e9veloppement du partenariat public-priv\u00e9. L\u2019ordre du jour a port\u00e9 sur le projet de construction d\u2019une centrale \u00e9lectrique d\u2019une capacit\u00e9 de 60 m\u00e9gawatts d\u2019\u00e9nergie propre &hellip;<\/p>\n","protected":false},"author":2,"featured_media":16458,"comment_status":"open","ping_status":"open","sticky":false,"template":"","format":"standard","meta":{"footnotes":""},"categories":[18,2],"tags":[],"class_list":["post-16457","post","type-post","status-publish","format-standard","has-post-thumbnail","hentry","category-actualites","category-economie"],"_links":{"self":[{"href":"https:\/\/ladepeche.mr\/index.php?rest_route=\/wp\/v2\/posts\/16457","targetHints":{"allow":["GET"]}}],"collection":[{"href":"https:\/\/ladepeche.mr\/index.php?rest_route=\/wp\/v2\/posts"}],"about":[{"href":"https:\/\/ladepeche.mr\/index.php?rest_route=\/wp\/v2\/types\/post"}],"author":[{"embeddable":true,"href":"https:\/\/ladepeche.mr\/index.php?rest_route=\/wp\/v2\/users\/2"}],"replies":[{"embeddable":true,"href":"https:\/\/ladepeche.mr\/index.php?rest_route=%2Fwp%2Fv2%2Fcomments&post=16457"}],"version-history":[{"count":1,"href":"https:\/\/ladepeche.mr\/index.php?rest_route=\/wp\/v2\/posts\/16457\/revisions"}],"predecessor-version":[{"id":16459,"href":"https:\/\/ladepeche.mr\/index.php?rest_route=\/wp\/v2\/posts\/16457\/revisions\/16459"}],"wp:featuredmedia":[{"embeddable":true,"href":"https:\/\/ladepeche.mr\/index.php?rest_route=\/wp\/v2\/media\/16458"}],"wp:attachment":[{"href":"https:\/\/ladepeche.mr\/index.php?rest_route=%2Fwp%2Fv2%2Fmedia&parent=16457"}],"wp:term":[{"taxonomy":"category","embeddable":true,"href":"https:\/\/ladepeche.mr\/index.php?rest_route=%2Fwp%2Fv2%2Fcategories&post=16457"},{"taxonomy":"post_tag","embeddable":true,"href":"https:\/\/ladepeche.mr\/index.php?rest_route=%2Fwp%2Fv2%2Ftags&post=16457"}],"curies":[{"name":"wp","href":"https:\/\/api.w.org\/{rel}","templated":true}]}}