{"id":16463,"date":"2025-06-21T14:57:08","date_gmt":"2025-06-21T14:57:08","guid":{"rendered":"https:\/\/ladepeche.mr\/?p=16463"},"modified":"2025-06-21T14:57:08","modified_gmt":"2025-06-21T14:57:08","slug":"sahara-la-mauritanie-assume-la-fermeture-irreversible-de-la-zone-de-lebriga","status":"publish","type":"post","link":"https:\/\/ladepeche.mr\/?p=16463","title":{"rendered":"Sahara : la Mauritanie assume la fermeture irr\u00e9versible de la zone de Lebriga"},"content":{"rendered":"<p>Le porte-parole du gouvernement mauritanien, El Houssein Ould Meddou, a r\u00e9it\u00e9r\u00e9 la d\u00e9termination de son pays \u00e0 fermer d\u00e9finitivement la zone frontali\u00e8re de Lebriga face au Polisario. D\u00e9tails.<\/p>\n<p>P Pour la Mauritanie, la fermeture de la zone frontali\u00e8re de Lebriga est irr\u00e9versible. Invit\u00e9 au plateau de France 24, le porte-parole du gouvernement mauritanien, El Houssein Ould Meddou, a assum\u00e9 cette d\u00e9cision prise en mai dernier.<\/p>\n<p>Il a fait savoir qu&#8217;il s&#8217;agit d&#8217;un imp\u00e9ratif et une mesure de s\u00e9curit\u00e9 int\u00e9rieure dont le but est de contr\u00f4ler les flux et le passage des personnes. \u00abC&#8217;est une mesure de s\u00e9curit\u00e9 qui n&#8217;est destin\u00e9e contre aucune partie pour prot\u00e9ger notre sa souverainet\u00e9\u00bb, a-t-il expliqu\u00e9.  <\/p>\n<p>Il s&#8217;agit d&#8217;une r\u00e9ponse tacite au Polisario dont les milices avaient l&#8217;habitude de faire de cette zone une base arri\u00e8re pour mener ses incursions dans la zone tampon et des op\u00e9rations clandestines contre les troupes marocaines stationn\u00e9es dans le mur des sables.  <\/p>\n<p> Le front s\u00e9paratiste a exhort\u00e9 \u00e0 plusieurs reprises les autorit\u00e9s mauritaniennes \u00e0 laisser passer ses membres par cette zone frontali\u00e8re. Toutes ces demandes sont rest\u00e9es lettre morte face \u00e0 l&#8217;intransigeance de Nouakchott dont l&#8217;arm\u00e9e a renforc\u00e9 sa surveillance de la r\u00e9gion \u00e0 l&#8217;aide des drones.  <\/p>\n<p>Pour rappel, la d\u00e9l\u00e9gation du Polisario d\u00e9p\u00each\u00e9e, le 30 mai, aupr\u00e8s du pr\u00e9sident mauritanien, Mohammed Ould Cheikh El Ghazouani, pour le convaincre de revenir sur sa d\u00e9cision, est revenue bredouille. <\/p>\n<p>https:\/\/www.lopinion.ma\/Sahara-la-Mauritanie-assume-la-fermeture-irreversible-de-la-zone-de-Lebriga_a68915.html<\/p>\n","protected":false},"excerpt":{"rendered":"<p>Le porte-parole du gouvernement mauritanien, El Houssein Ould Meddou, a r\u00e9it\u00e9r\u00e9 la d\u00e9termination de son pays \u00e0 fermer d\u00e9finitivement la zone frontali\u00e8re de Lebriga face au Polisario. D\u00e9tails. P Pour la Mauritanie, la fermeture de la zone frontali\u00e8re de Lebriga est irr\u00e9versible. Invit\u00e9 au plateau de France 24, le porte-parole du gouvernement mauritanien, El Houssein &hellip;<\/p>\n","protected":false},"author":2,"featured_media":16464,"comment_status":"open","ping_status":"open","sticky":false,"template":"","format":"standard","meta":{"footnotes":""},"categories":[18,29],"tags":[],"class_list":["post-16463","post","type-post","status-publish","format-standard","has-post-thumbnail","hentry","category-actualites","category-monde"],"_links":{"self":[{"href":"https:\/\/ladepeche.mr\/index.php?rest_route=\/wp\/v2\/posts\/16463","targetHints":{"allow":["GET"]}}],"collection":[{"href":"https:\/\/ladepeche.mr\/index.php?rest_route=\/wp\/v2\/posts"}],"about":[{"href":"https:\/\/ladepeche.mr\/index.php?rest_route=\/wp\/v2\/types\/post"}],"author":[{"embeddable":true,"href":"https:\/\/ladepeche.mr\/index.php?rest_route=\/wp\/v2\/users\/2"}],"replies":[{"embeddable":true,"href":"https:\/\/ladepeche.mr\/index.php?rest_route=%2Fwp%2Fv2%2Fcomments&post=16463"}],"version-history":[{"count":1,"href":"https:\/\/ladepeche.mr\/index.php?rest_route=\/wp\/v2\/posts\/16463\/revisions"}],"predecessor-version":[{"id":16465,"href":"https:\/\/ladepeche.mr\/index.php?rest_route=\/wp\/v2\/posts\/16463\/revisions\/16465"}],"wp:featuredmedia":[{"embeddable":true,"href":"https:\/\/ladepeche.mr\/index.php?rest_route=\/wp\/v2\/media\/16464"}],"wp:attachment":[{"href":"https:\/\/ladepeche.mr\/index.php?rest_route=%2Fwp%2Fv2%2Fmedia&parent=16463"}],"wp:term":[{"taxonomy":"category","embeddable":true,"href":"https:\/\/ladepeche.mr\/index.php?rest_route=%2Fwp%2Fv2%2Fcategories&post=16463"},{"taxonomy":"post_tag","embeddable":true,"href":"https:\/\/ladepeche.mr\/index.php?rest_route=%2Fwp%2Fv2%2Ftags&post=16463"}],"curies":[{"name":"wp","href":"https:\/\/api.w.org\/{rel}","templated":true}]}}