{"id":16466,"date":"2025-06-21T18:01:17","date_gmt":"2025-06-21T18:01:17","guid":{"rendered":"https:\/\/ladepeche.mr\/?p=16466"},"modified":"2025-06-21T18:01:17","modified_gmt":"2025-06-21T18:01:17","slug":"araghchi-met-en-garde-contre-les-consequences-de-limplication-de-washington-dans-lagression-israelienne-contre-liran","status":"publish","type":"post","link":"https:\/\/ladepeche.mr\/?p=16466","title":{"rendered":"Araghchi met en garde contre les cons\u00e9quences de l&#8217;implication de Washington dans l&#8217;agression isra\u00e9lienne contre l&#8217;Iran"},"content":{"rendered":"<p>Dans des d\u00e9clarations \u00e0 la presse avant sa participation \u00e0 la 51e session du Conseil des ministres des Affaires \u00e9trang\u00e8res de l&#8217;Organisation de la coop\u00e9ration islamique \u00e0 Istanbul.<br \/>\nLe ministre iranien des Affaires \u00e9trang\u00e8res, Abbas Araghchi, a averti que toute implication des \u00c9tats-Unis dans les attaques isra\u00e9liennes contre l&#8217;Iran serait &#8220;malheureuse et dangereuse pour tout le monde&#8221;.<\/p>\n<p>Araghchi a fait ces d\u00e9clarations \u00e0 la presse avant sa participation \u00e0 la 51e session du Conseil des ministres des Affaires \u00e9trang\u00e8res de l&#8217;Organisation de la coop\u00e9ration islamique \u00e0 Istanbul.<\/p>\n<p>Et d&#8217;ajouter : &#8220;La diplomatie a r\u00e9ussi dans le pass\u00e9 et r\u00e9ussira dans le futur, mais l&#8217;agression doit cesser avant que nous puissions revenir \u00e0 la diplomatie&#8221;.<\/p>\n<p>Le chef de la Diplomatie iranienne a fait part de la volont\u00e9 de T\u00e9h\u00e9ran de parvenir \u00e0 une solution n\u00e9goci\u00e9e, comme en 2015, notant toutefois qu&#8217;Isra\u00ebl s&#8217;oppose ouvertement \u00e0 la diplomatie.<br \/>\naa.com.<\/p>\n","protected":false},"excerpt":{"rendered":"<p>Dans des d\u00e9clarations \u00e0 la presse avant sa participation \u00e0 la 51e session du Conseil des ministres des Affaires \u00e9trang\u00e8res de l&#8217;Organisation de la coop\u00e9ration islamique \u00e0 Istanbul. Le ministre iranien des Affaires \u00e9trang\u00e8res, Abbas Araghchi, a averti que toute implication des \u00c9tats-Unis dans les attaques isra\u00e9liennes contre l&#8217;Iran serait &#8220;malheureuse et dangereuse pour tout &hellip;<\/p>\n","protected":false},"author":2,"featured_media":16467,"comment_status":"open","ping_status":"open","sticky":false,"template":"","format":"standard","meta":{"footnotes":""},"categories":[18,29],"tags":[],"class_list":["post-16466","post","type-post","status-publish","format-standard","has-post-thumbnail","hentry","category-actualites","category-monde"],"_links":{"self":[{"href":"https:\/\/ladepeche.mr\/index.php?rest_route=\/wp\/v2\/posts\/16466","targetHints":{"allow":["GET"]}}],"collection":[{"href":"https:\/\/ladepeche.mr\/index.php?rest_route=\/wp\/v2\/posts"}],"about":[{"href":"https:\/\/ladepeche.mr\/index.php?rest_route=\/wp\/v2\/types\/post"}],"author":[{"embeddable":true,"href":"https:\/\/ladepeche.mr\/index.php?rest_route=\/wp\/v2\/users\/2"}],"replies":[{"embeddable":true,"href":"https:\/\/ladepeche.mr\/index.php?rest_route=%2Fwp%2Fv2%2Fcomments&post=16466"}],"version-history":[{"count":1,"href":"https:\/\/ladepeche.mr\/index.php?rest_route=\/wp\/v2\/posts\/16466\/revisions"}],"predecessor-version":[{"id":16468,"href":"https:\/\/ladepeche.mr\/index.php?rest_route=\/wp\/v2\/posts\/16466\/revisions\/16468"}],"wp:featuredmedia":[{"embeddable":true,"href":"https:\/\/ladepeche.mr\/index.php?rest_route=\/wp\/v2\/media\/16467"}],"wp:attachment":[{"href":"https:\/\/ladepeche.mr\/index.php?rest_route=%2Fwp%2Fv2%2Fmedia&parent=16466"}],"wp:term":[{"taxonomy":"category","embeddable":true,"href":"https:\/\/ladepeche.mr\/index.php?rest_route=%2Fwp%2Fv2%2Fcategories&post=16466"},{"taxonomy":"post_tag","embeddable":true,"href":"https:\/\/ladepeche.mr\/index.php?rest_route=%2Fwp%2Fv2%2Ftags&post=16466"}],"curies":[{"name":"wp","href":"https:\/\/api.w.org\/{rel}","templated":true}]}}